{"id":10604,"date":"2018-11-20T14:41:37","date_gmt":"2018-11-20T17:41:37","guid":{"rendered":"http:\/\/www.atecordoba.org\/?p=10604"},"modified":"2018-11-20T14:41:37","modified_gmt":"2018-11-20T17:41:37","slug":"dia-de-la-soberania-ate-reafirma-el-compromiso-en-defensa-del-estado","status":"publish","type":"post","link":"https:\/\/atecordoba.org\/?p=10604","title":{"rendered":"D\u00eda de la Soberan\u00eda: ATE reafirma el compromiso en defensa del Estado"},"content":{"rendered":"<p><em>Porque defender el Estado es reafirmar la soberan\u00eda, frente a las pol\u00edticas neoliberales y los acuerdos con el FMI que ajustan y reproducen la miseria, ATE C\u00f3rdoba saluda esta jornada nacional sosteniendo el compromiso cotidiano de defender un Estado que garantice los derechos de los m\u00e1s vulnerables y la clase trabajadora.<\/em><\/p>\n<p><img loading=\"lazy\" decoding=\"async\" class=\"aligncenter size-full wp-image-10605\" src=\"http:\/\/www.atecordoba.org\/wp-content\/uploads\/2018\/11\/fortalecer-el-Estado-e1542735639512.jpg\" alt=\"\" width=\"550\" height=\"309\"><\/p>\n<p>En este periodo de tres a\u00f1os de gesti\u00f3n macrista hemos visto como se impusieron los despidos, la degradaci\u00f3n de las estructuras estatales y la ca\u00edda de la capacidad adquisitiva del salario, paralelamente a la plena vigencia de la bicicleta financiera y crecimiento desbordado de la deuda externa.<\/p>\n<p>Al igual que en aquellas gloriosas jornadas de la batalla de La Vuelta de Obligado, hoy fuerzas externas amenazan nuestro pa\u00eds, no en forma de potencias coloniales, sino a trav\u00e9s del capitalismo financiero y los organismos de cr\u00e9dito, destruyendo el trabajo, la industria nacional y empe\u00f1ando el futuro de nuestros hijos.<\/p>\n<p>Con la firme convicci\u00f3n de revertir esta realidad, saludamos a los patriotas de ayer y a los compa\u00f1eros de hoy que no aflojan ni bajan las banderas.<\/p>\n<p>Feliz D\u00eda de la Soberan\u00eda<\/p>\n<p style=\"text-align: right;\">Liliana Salerno<\/p>\n<p style=\"text-align: right;\">Secretaria General<\/p>\n","protected":false},"excerpt":{"rendered":"<p>Porque defender el Estado es reafirmar la soberan\u00eda, frente a las pol\u00edticas neoliberales y los acuerdos con el FMI que ajustan y reproducen la miseria, ATE C\u00f3rdoba saluda esta jornada nacional sosteniendo el compromiso cotidiano de defender un Estado que garantice los derechos de los m\u00e1s vulnerables y la clase trabajadora. En este periodo de [&hellip;]<\/p>\n","protected":false},"author":1,"featured_media":19220,"comment_status":"open","ping_status":"open","sticky":false,"template":"","format":"standard","meta":{"_exactmetrics_skip_tracking":false,"_exactmetrics_sitenote_active":false,"_exactmetrics_sitenote_note":"","_exactmetrics_sitenote_category":0,"jnews-multi-image_gallery":[],"jnews_single_post":[],"jnews_primary_category":[],"jnews_social_meta":[],"jnews_review":[],"enable_review":"","type":"","name":"","summary":"","brand":"","sku":"","good":[],"bad":[],"score_override":"","override_value":"","rating":[],"price":[],"jnews_override_counter":[],"jnews_post_split":[],"footnotes":""},"categories":[10],"tags":[],"class_list":["post-10604","post","type-post","status-publish","format-standard","has-post-thumbnail","hentry","category-accion-politica"],"jetpack_featured_media_url":"https:\/\/atecordoba.org\/wp-content\/uploads\/2020\/05\/logo-nuevochico-e1561581322808.png","_links":{"self":[{"href":"https:\/\/atecordoba.org\/index.php?rest_route=\/wp\/v2\/posts\/10604","targetHints":{"allow":["GET"]}}],"collection":[{"href":"https:\/\/atecordoba.org\/index.php?rest_route=\/wp\/v2\/posts"}],"about":[{"href":"https:\/\/atecordoba.org\/index.php?rest_route=\/wp\/v2\/types\/post"}],"author":[{"embeddable":true,"href":"https:\/\/atecordoba.org\/index.php?rest_route=\/wp\/v2\/users\/1"}],"replies":[{"embeddable":true,"href":"https:\/\/atecordoba.org\/index.php?rest_route=%2Fwp%2Fv2%2Fcomments&post=10604"}],"version-history":[{"count":0,"href":"https:\/\/atecordoba.org\/index.php?rest_route=\/wp\/v2\/posts\/10604\/revisions"}],"wp:featuredmedia":[{"embeddable":true,"href":"https:\/\/atecordoba.org\/index.php?rest_route=\/wp\/v2\/media\/19220"}],"wp:attachment":[{"href":"https:\/\/atecordoba.org\/index.php?rest_route=%2Fwp%2Fv2%2Fmedia&parent=10604"}],"wp:term":[{"taxonomy":"category","embeddable":true,"href":"https:\/\/atecordoba.org\/index.php?rest_route=%2Fwp%2Fv2%2Fcategories&post=10604"},{"taxonomy":"post_tag","embeddable":true,"href":"https:\/\/atecordoba.org\/index.php?rest_route=%2Fwp%2Fv2%2Ftags&post=10604"}],"curies":[{"name":"wp","href":"https:\/\/api.w.org\/{rel}","templated":true}]}}