{"id":10598,"date":"2018-11-16T15:10:46","date_gmt":"2018-11-16T18:10:46","guid":{"rendered":"http:\/\/www.atecordoba.org\/?p=10598"},"modified":"2018-11-16T15:10:46","modified_gmt":"2018-11-16T18:10:46","slug":"educacion-funcionario-a-cargo-se-comprometio-a-reconocer-la-representacion-de-ate","status":"publish","type":"post","link":"https:\/\/atecordoba.org\/?p=10598","title":{"rendered":"Educaci\u00f3n: funcionario a cargo se comprometi\u00f3 a reconocer la representaci\u00f3n de ATE"},"content":{"rendered":"<p><em>Una comitiva integrada por miembros del CDP y el cuerpo de delegados de la Direcci\u00f3n de Administraci\u00f3n del Ministerio de Educaci\u00f3n mantuvo una reuni\u00f3n con el director del \u00e1rea y logr\u00f3 restablecer el di\u00e1logo entre los funcionarios y representaci\u00f3n gremial. <\/em><\/p>\n<p><img loading=\"lazy\" decoding=\"async\" class=\"aligncenter size-full wp-image-10599\" src=\"http:\/\/www.atecordoba.org\/wp-content\/uploads\/2018\/11\/WhatsApp-Image-2018-11-16-at-13.24.02-e1542390992362.jpeg\" alt=\"\" width=\"550\" height=\"309\"><\/p>\n<p>Tras largos meses de conflicto, donde la patronal se negaba a reconocer a ATE como gremio representativo en el sector, ayer se llev\u00f3 a cabo en la Direcci\u00f3n de Administraci\u00f3n del Ministerio de Educaci\u00f3n una reuni\u00f3n donde participaron delegados del sector y miembros de comisi\u00f3n directiva de ATE C\u00f3rdoba, con el objetivo de limar asperezas y lograr v\u00edas de comunicaci\u00f3n donde canalizar los reclamos de los trabajadores de la repartici\u00f3n. &nbsp;<\/p>\n<p>En la oportunidad, estuvieron presentes de parte de ATE los compa\u00f1eros secretario gremial, Diego Guerra, y de Prensa, Daniel Pawluchuzk y Hugo Dur\u00e1n, junto a los delegados Mirta Figueroa, Gustavo Valenzuela y Bettina Salinas.<\/p>\n<p>Como saldo de la reuni\u00f3n, el funcionario a cargo de la casa se comprometi\u00f3 a reconocer a ATE como entidad gremial, situaci\u00f3n que no estaba sucediendo hasta el momento.<\/p>\n<p><img loading=\"lazy\" decoding=\"async\" class=\"aligncenter size-full wp-image-10602\" src=\"http:\/\/www.atecordoba.org\/wp-content\/uploads\/2018\/11\/WhatsApp-Image-2018-11-16-at-15.08.27-e1542391799897.jpeg\" alt=\"\" width=\"550\" height=\"310\"><\/p>\n<p>As\u00ed, los delegados trasladaron a las autoridades los reclamos por un adicional remunerativo para los trabajadores de esa repartici\u00f3n, la ejecuci\u00f3n de la partida presupuestaria ya asignada para horas extras y prolongaci\u00f3n de jornada que tampoco de imputa en los salarios y la ocupaci\u00f3n de cargos con el reconocimiento de la antig\u00fcedad y la carrera administrativa de acuerdo al estatuto-ley vigente.<\/p>\n<p>\u201cEl balance de la reuni\u00f3n es positivo \u2013resumi\u00f3 Valenzuela\u2013. &nbsp;Quedamos en volver a reunirnos en el lapso de dos semanas para que los delegados de ATE acerquemos los borradores con los reclamos, a pedido de los funcionarios\u201d.<\/p>\n<p>En tanto, ATE continuar\u00e1 llevando a cabo asambleas informativas por oficina, en vez de asambleas generales como suced\u00eda hasta el momento. &nbsp;<\/p>\n","protected":false},"excerpt":{"rendered":"<p>Una comitiva integrada por miembros del CDP y el cuerpo de delegados de la Direcci\u00f3n de Administraci\u00f3n del Ministerio de Educaci\u00f3n mantuvo una reuni\u00f3n con el director del \u00e1rea y logr\u00f3 restablecer el di\u00e1logo entre los funcionarios y representaci\u00f3n gremial. Tras largos meses de conflicto, donde la patronal se negaba a reconocer a ATE como [&hellip;]<\/p>\n","protected":false},"author":1,"featured_media":19220,"comment_status":"open","ping_status":"open","sticky":false,"template":"","format":"standard","meta":{"_exactmetrics_skip_tracking":false,"_exactmetrics_sitenote_active":false,"_exactmetrics_sitenote_note":"","_exactmetrics_sitenote_category":0,"jnews-multi-image_gallery":[],"jnews_single_post":[],"jnews_primary_category":[],"jnews_social_meta":[],"jnews_review":[],"enable_review":"","type":"","name":"","summary":"","brand":"","sku":"","good":[],"bad":[],"score_override":"","override_value":"","rating":[],"price":[],"jnews_override_counter":[],"jnews_post_split":[],"footnotes":""},"categories":[114],"tags":[],"class_list":["post-10598","post","type-post","status-publish","format-standard","has-post-thumbnail","hentry","category-ministerio-educacion"],"jetpack_featured_media_url":"https:\/\/atecordoba.org\/wp-content\/uploads\/2020\/05\/logo-nuevochico-e1561581322808.png","_links":{"self":[{"href":"https:\/\/atecordoba.org\/index.php?rest_route=\/wp\/v2\/posts\/10598","targetHints":{"allow":["GET"]}}],"collection":[{"href":"https:\/\/atecordoba.org\/index.php?rest_route=\/wp\/v2\/posts"}],"about":[{"href":"https:\/\/atecordoba.org\/index.php?rest_route=\/wp\/v2\/types\/post"}],"author":[{"embeddable":true,"href":"https:\/\/atecordoba.org\/index.php?rest_route=\/wp\/v2\/users\/1"}],"replies":[{"embeddable":true,"href":"https:\/\/atecordoba.org\/index.php?rest_route=%2Fwp%2Fv2%2Fcomments&post=10598"}],"version-history":[{"count":0,"href":"https:\/\/atecordoba.org\/index.php?rest_route=\/wp\/v2\/posts\/10598\/revisions"}],"wp:featuredmedia":[{"embeddable":true,"href":"https:\/\/atecordoba.org\/index.php?rest_route=\/wp\/v2\/media\/19220"}],"wp:attachment":[{"href":"https:\/\/atecordoba.org\/index.php?rest_route=%2Fwp%2Fv2%2Fmedia&parent=10598"}],"wp:term":[{"taxonomy":"category","embeddable":true,"href":"https:\/\/atecordoba.org\/index.php?rest_route=%2Fwp%2Fv2%2Fcategories&post=10598"},{"taxonomy":"post_tag","embeddable":true,"href":"https:\/\/atecordoba.org\/index.php?rest_route=%2Fwp%2Fv2%2Ftags&post=10598"}],"curies":[{"name":"wp","href":"https:\/\/api.w.org\/{rel}","templated":true}]}}