{"id":1059,"date":"2010-11-19T03:40:23","date_gmt":"2010-11-19T06:40:23","guid":{"rendered":"http:\/\/www.atecordoba.org\/?p=1059"},"modified":"2010-11-19T03:40:23","modified_gmt":"2010-11-19T06:40:23","slug":"pablo-micheli-la-unica-verdad-es-la-realidad","status":"publish","type":"post","link":"https:\/\/atecordoba.org\/?p=1059","title":{"rendered":"Pablo Micheli: &#8220;La \u00fanica verdad es la realidad&#8221;"},"content":{"rendered":"<div>\n<div dir=\"ltr\">\n<p><a href=\"http:\/\/www.atecordoba.org\/wp-content\/uploads\/2012\/07\/arton87.jpg\"><img loading=\"lazy\" decoding=\"async\" class=\"aligncenter\" title=\"arton87\" src=\"http:\/\/www.atecordoba.org\/wp-content\/uploads\/2012\/07\/arton87.jpg\" alt=\"\" width=\"400\" height=\"240\" \/><\/a><\/p>\n<p style=\"text-align: justify;\"><strong>(C\u00f3rdoba, 19-11-2010) &#8220;En mi car\u00e1cter de secretario general electo de la CTA en representaci\u00f3n de la Lista 1 Germ\u00e1n Abdala, desmiento enf\u00e1ticamente las versiones period\u00edsticas que nos adjudican la intenci\u00f3n de marcharnos de la Central. Mal podr\u00edamos impulsar iniciativas fracturistas cuando nuestra propuesta pol\u00edtica fue votada por la mayor\u00eda de los afiliados a la CTA en las elecciones del pasado 23 de septiembre. El largo peregrinaje que ha venido sucedi\u00e9ndose desde entonces hasta la fecha ha corroborado nuestra voluntad de preservar la unidad, aceptar las disposiciones del Tribunal Arbitral, a\u00fan cuando no estuvi\u00e9ramos de acuerdo, y realizar las elecciones complementarias antes de fin de a\u00f1o&#8221;.<\/strong><\/p>\n<\/div>\n<\/div>\n<div>\n<div dir=\"ltr\">\n<p style=\"text-align: justify;\">&#8220;La \u00fanica verdad es la realidad. Y la\u00a0realidad es que la Lista 1 gan\u00f3 las elecciones de septiembre por m\u00e1s de 18 mil votos y que, descontando las tres provincias y las 48 urnas de otros siete distritos anuladas por el Tribunal Arbitral, la diferencia a favor de la Agrupaci\u00f3n Germ\u00e1n Abdala sigue siendo de m\u00e1s de 11 mil sufragios.<\/p>\n<p style=\"text-align: justify;\">\u00bfC\u00f3mo nos vamos a ir de una Central de la que somos fundadores? Ninguna manipulaci\u00f3n medi\u00e1tica, ninguna provocaci\u00f3n, ninguna intervenci\u00f3n de cualquiera de los factores de poder que ans\u00edan destruir la construcci\u00f3n m\u00e1s importante del campo popular en los \u00faltimos veinte a\u00f1os va a modificar esta realidad.<\/p>\n<p style=\"text-align: justify;\">Queremos votar ya porque estamos convencidos que las elecciones complementarias refrendar\u00e1n, por tercera vez, la victoria inobjetable de nuestra lista para conducir a la CTA en los pr\u00f3ximos cuatro a\u00f1os&#8221;.<\/p>\n<p style=\"text-align: justify;\">Pablo Micheli, Secretario General Electo de la Central de Trabajadores de la Argentina.<\/p>\n<\/div>\n<\/div>\n","protected":false},"excerpt":{"rendered":"<p>(C\u00f3rdoba, 19-11-2010) &#8220;En mi car\u00e1cter de secretario general electo de la CTA en representaci\u00f3n de la Lista 1 Germ\u00e1n Abdala, desmiento enf\u00e1ticamente las versiones period\u00edsticas que nos adjudican la intenci\u00f3n de marcharnos de la Central. Mal podr\u00edamos impulsar iniciativas fracturistas cuando nuestra propuesta pol\u00edtica fue votada por la mayor\u00eda de los afiliados a la CTA [&hellip;]<\/p>\n","protected":false},"author":1,"featured_media":19220,"comment_status":"open","ping_status":"open","sticky":false,"template":"","format":"standard","meta":{"_exactmetrics_skip_tracking":false,"_exactmetrics_sitenote_active":false,"_exactmetrics_sitenote_note":"","_exactmetrics_sitenote_category":0,"jnews-multi-image_gallery":[],"jnews_single_post":[],"jnews_primary_category":[],"jnews_social_meta":[],"jnews_review":[],"enable_review":"","type":"","name":"","summary":"","brand":"","sku":"","good":[],"bad":[],"score_override":"","override_value":"","rating":[],"price":[],"jnews_override_counter":[],"jnews_post_split":[],"footnotes":""},"categories":[53,18],"tags":[47,29,11,37],"class_list":["post-1059","post","type-post","status-publish","format-standard","has-post-thumbnail","hentry","category-comunicados-de-prensa","category-nacionales","tag-elecciones","tag-nacionales-2","tag-noticias-2","tag-sta"],"jetpack_featured_media_url":"https:\/\/atecordoba.org\/wp-content\/uploads\/2020\/05\/logo-nuevochico-e1561581322808.png","_links":{"self":[{"href":"https:\/\/atecordoba.org\/index.php?rest_route=\/wp\/v2\/posts\/1059","targetHints":{"allow":["GET"]}}],"collection":[{"href":"https:\/\/atecordoba.org\/index.php?rest_route=\/wp\/v2\/posts"}],"about":[{"href":"https:\/\/atecordoba.org\/index.php?rest_route=\/wp\/v2\/types\/post"}],"author":[{"embeddable":true,"href":"https:\/\/atecordoba.org\/index.php?rest_route=\/wp\/v2\/users\/1"}],"replies":[{"embeddable":true,"href":"https:\/\/atecordoba.org\/index.php?rest_route=%2Fwp%2Fv2%2Fcomments&post=1059"}],"version-history":[{"count":0,"href":"https:\/\/atecordoba.org\/index.php?rest_route=\/wp\/v2\/posts\/1059\/revisions"}],"wp:featuredmedia":[{"embeddable":true,"href":"https:\/\/atecordoba.org\/index.php?rest_route=\/wp\/v2\/media\/19220"}],"wp:attachment":[{"href":"https:\/\/atecordoba.org\/index.php?rest_route=%2Fwp%2Fv2%2Fmedia&parent=1059"}],"wp:term":[{"taxonomy":"category","embeddable":true,"href":"https:\/\/atecordoba.org\/index.php?rest_route=%2Fwp%2Fv2%2Fcategories&post=1059"},{"taxonomy":"post_tag","embeddable":true,"href":"https:\/\/atecordoba.org\/index.php?rest_route=%2Fwp%2Fv2%2Ftags&post=1059"}],"curies":[{"name":"wp","href":"https:\/\/api.w.org\/{rel}","templated":true}]}}