{"id":10581,"date":"2018-11-12T15:49:13","date_gmt":"2018-11-12T18:49:13","guid":{"rendered":"http:\/\/www.atecordoba.org\/?p=10581"},"modified":"2020-08-10T11:02:25","modified_gmt":"2020-08-10T14:02:25","slug":"pami-se-organiza-contra-el-miserable-aumento-salarial","status":"publish","type":"post","link":"https:\/\/atecordoba.org\/?p=10581","title":{"rendered":"PAMI se organiza contra el miserable aumento salarial"},"content":{"rendered":"<p><em>Con una inflaci\u00f3n anual cercana al 50%, se acord\u00f3 un aumento del 6%, totalizando un irrisorio 19%.<\/em><\/p>\n<p><img loading=\"lazy\" decoding=\"async\" class=\"aligncenter size-full wp-image-10582\" src=\"http:\/\/www.atecordoba.org\/wp-content\/uploads\/2018\/11\/pami_extracto-e1542048526703.jpg\" alt=\"\" width=\"550\" height=\"508\"><\/p>\n<p>Trabajadoras y trabajadores de ATE PAMI se organizan para rechazar al acuerdo salarial que el gobierno firm\u00f3 con dos gremios, que totaliza un 19%. En un comunicado de prensa, denunciaron: \u201cEn un escenario inflacionario donde los m\u00e1s optimistas arriesgan llegar a una inflaci\u00f3n anual cercana al 50%, la patronal firma con dos gremios aumentos cercanos al 6%, pero solo en algunos \u00edtems que componen nuestro salario, totalizando un irrisorio 19%\u201d.<\/p>\n<p>De esa manera, anticipan que un trabajador de tramo D recibir\u00e1 un aumento de apenas $172,48. Por tanto calificaron al aumento como \u201cinsuficiente\u201d e \u201cinexplicable\u201d.<\/p>\n<p>Sobre los gremios que firmaron el acuerdo, los se\u00f1alaron como \u201ccopart\u00edcipes de la p\u00e9rdida salarial m\u00e1s impactante de los \u00faltimos tiempos\u201d. Adem\u00e1s, apuntaron que tienen \u201cuna actitud antidemocr\u00e1tica\u201d ya que, \u201ccon la complicidad de la patronal, a quienes denunciaremos por Pr\u00e1cticas Antisindicales, no permiten que esta ATE pueda manifestar su desacuerdo con el aumento propuesto en el acta de la Comisi\u00f3n Paritaria Permanente\u201d.<\/p>\n<p>Frente a esta situaci\u00f3n, Ram\u00f3n Far\u00edas, delegado general del sector anunci\u00f3: \u201cVamos a trabajar para construir una jornada Nacional de lucha en contra de este aumento y para denunciar a quienes son c\u00f3mplices de la p\u00e9rdida salarial m\u00e1s impactante de los \u00faltimos tiempos. No vamos a entregar lo conseguido con tanto esfuerzo en los \u00faltimos a\u00f1os\u201d.<\/p>\n","protected":false},"excerpt":{"rendered":"<p>Con una inflaci\u00f3n anual cercana al 50%, se acord\u00f3 un aumento del 6%, totalizando un irrisorio 19%. Trabajadoras y trabajadores de ATE PAMI se organizan para rechazar al acuerdo salarial que el gobierno firm\u00f3 con dos gremios, que totaliza un 19%. En un comunicado de prensa, denunciaron: \u201cEn un escenario inflacionario donde los m\u00e1s optimistas [&hellip;]<\/p>\n","protected":false},"author":1,"featured_media":19220,"comment_status":"open","ping_status":"open","sticky":false,"template":"","format":"standard","meta":{"_exactmetrics_skip_tracking":false,"_exactmetrics_sitenote_active":false,"_exactmetrics_sitenote_note":"","_exactmetrics_sitenote_category":0,"jnews-multi-image_gallery":[],"jnews_single_post":[],"jnews_primary_category":[],"jnews_social_meta":[],"jnews_review":[],"enable_review":"","type":"","name":"","summary":"","brand":"","sku":"","good":[],"bad":[],"score_override":"","override_value":"","rating":[],"price":[],"jnews_override_counter":[],"jnews_post_split":[],"footnotes":""},"categories":[18],"tags":[],"class_list":["post-10581","post","type-post","status-publish","format-standard","has-post-thumbnail","hentry","category-nacionales"],"jetpack_featured_media_url":"https:\/\/atecordoba.org\/wp-content\/uploads\/2020\/05\/logo-nuevochico-e1561581322808.png","_links":{"self":[{"href":"https:\/\/atecordoba.org\/index.php?rest_route=\/wp\/v2\/posts\/10581","targetHints":{"allow":["GET"]}}],"collection":[{"href":"https:\/\/atecordoba.org\/index.php?rest_route=\/wp\/v2\/posts"}],"about":[{"href":"https:\/\/atecordoba.org\/index.php?rest_route=\/wp\/v2\/types\/post"}],"author":[{"embeddable":true,"href":"https:\/\/atecordoba.org\/index.php?rest_route=\/wp\/v2\/users\/1"}],"replies":[{"embeddable":true,"href":"https:\/\/atecordoba.org\/index.php?rest_route=%2Fwp%2Fv2%2Fcomments&post=10581"}],"version-history":[{"count":1,"href":"https:\/\/atecordoba.org\/index.php?rest_route=\/wp\/v2\/posts\/10581\/revisions"}],"predecessor-version":[{"id":21132,"href":"https:\/\/atecordoba.org\/index.php?rest_route=\/wp\/v2\/posts\/10581\/revisions\/21132"}],"wp:featuredmedia":[{"embeddable":true,"href":"https:\/\/atecordoba.org\/index.php?rest_route=\/wp\/v2\/media\/19220"}],"wp:attachment":[{"href":"https:\/\/atecordoba.org\/index.php?rest_route=%2Fwp%2Fv2%2Fmedia&parent=10581"}],"wp:term":[{"taxonomy":"category","embeddable":true,"href":"https:\/\/atecordoba.org\/index.php?rest_route=%2Fwp%2Fv2%2Fcategories&post=10581"},{"taxonomy":"post_tag","embeddable":true,"href":"https:\/\/atecordoba.org\/index.php?rest_route=%2Fwp%2Fv2%2Ftags&post=10581"}],"curies":[{"name":"wp","href":"https:\/\/api.w.org\/{rel}","templated":true}]}}