{"id":10578,"date":"2018-11-12T14:42:19","date_gmt":"2018-11-12T17:42:19","guid":{"rendered":"http:\/\/www.atecordoba.org\/?p=10578"},"modified":"2018-11-12T14:42:19","modified_gmt":"2018-11-12T17:42:19","slug":"con-agenda-hasta-el-2020-se-realizo-el-tercer-encuentro-nacional-de-ninez","status":"publish","type":"post","link":"https:\/\/atecordoba.org\/?p=10578","title":{"rendered":"Con agenda hasta el 2020, se realiz\u00f3 el Tercer Encuentro Nacional de Ni\u00f1ez"},"content":{"rendered":"<p class=\"copete\"><em>Entre las principales conclusiones, se defini\u00f3 una jornada nacional de lucha para el pr\u00f3ximo 9 de mayo cuando se decidir\u00e1 la sede 2020. C\u00f3rdoba viaj\u00f3 con una numerosa delegaci\u00f3n del Consejo Directivo Provincial y compa\u00f1eros de R\u00edo Tercero y R\u00edo Cuarto.<\/em><\/p>\n<p><img loading=\"lazy\" decoding=\"async\" class=\"aligncenter size-full wp-image-10579\" src=\"http:\/\/www.atecordoba.org\/wp-content\/uploads\/2018\/11\/encuentro-de-la-ni\u00f1ez-e1542044512175.jpg\" alt=\"\" width=\"550\" height=\"351\"><\/p>\n<p style=\"font-weight: 400;\"><span style=\"font-style: inherit; font-weight: inherit;\">Tras dos hist\u00f3ricas jornadas de debate en paneles y talleres, con aportes de ni\u00f1os, ni\u00f1as y adolescentes, organizaciones, sindicatos, investigadores e investigadoras, docentes, funcionarios, profesionales y militantes de las m\u00e1s diversas experiencias, concluy\u00f3 en Viedma el Tercer Encuentro Nacional por la Ni\u00f1ez, organizado por el Foro por los Derechos de la Ni\u00f1ez, la Fundaci\u00f3n Che Pibe, la Asociaci\u00f3n de Trabajadores del Estado (ATE) y la Central de Trabajadores&nbsp; de la Argentina (CTA) Aut\u00f3noma.<\/span><span style=\"font-style: inherit; font-weight: inherit;\">&nbsp;<\/span><\/p>\n<p style=\"font-weight: 400;\"><span style=\"font-style: inherit; font-weight: inherit;\">En este marco, las organizaciones participantes, y todas las que se suman a partir de ahora, acordaron convocar a una jornada nacional de lucha para el pr\u00f3ximo 9 de mayo para exigir el real funcionamiento del sistema de protecci\u00f3n integral de la ni\u00f1ez y adolescencia. En este andar se definir\u00e1 tambi\u00e9n la sede de la pr\u00f3xima edici\u00f3n a realizarse en el 2020.<\/span><span style=\"font-style: inherit; font-weight: inherit;\">&nbsp;<\/span><\/p>\n<p style=\"font-weight: 400;\"><span style=\"font-style: inherit; font-weight: inherit;\">Si bien, toda la informaci\u00f3n ser\u00e1 sistematizada en un Informe de la situaci\u00f3n del Sistema Nacional de Ni\u00f1ez, al finalizar la Jornada se leyeron las conclusiones principales que se extrajeron de los aportes de compa\u00f1eros y compa\u00f1eras de los m\u00e1s de 30 espacios de debate que se dieron en los dos intensos d\u00edas. Entre las que figuran: la discusi\u00f3n de la riqueza como disputa central que atraviesa todos los temas, se discuti\u00f3 el Presupuesto 2019 para el Sistema de Ni\u00f1ez, de lo que se extrajo que se evidencia una reducci\u00f3n del 70% en \u00e1reas como educaci\u00f3n y un 30% en la Secretar\u00eda Nacional de ni\u00f1ez, Adolescencia y Familia (SENNAF). Esta situaci\u00f3n empeora por el hecho de que en lo que va de 2018 s\u00f3lo se ejecutaron un 27% del total de las partidas de ni\u00f1ez. Como propuesta surgi\u00f3 la aplicaci\u00f3n de grav\u00e1menes sobre los bienes de los due\u00f1os de la riqueza, s\u00f3lo con una m\u00ednima de al\u00edcuota a 114.000 de los argentinos que tienen un mill\u00f3n de d\u00f3lares, podr\u00eda duplicarse la Asignaci\u00f3n Universal Por hijo.&nbsp;<\/span><span style=\"font-style: inherit; font-weight: inherit;\">&nbsp;<\/span><\/p>\n<p style=\"font-weight: 400;\"><span style=\"font-style: inherit; font-weight: inherit;\">Otro de los puntos que atraves\u00f3 todas los debates fue la violencia institucional que viven los pibes en sus barrios y espec\u00edficamente la represi\u00f3n policial, hubo cantidad de exposiciones que buscan sistematizar la cantidad de situaciones e implementar \u201ccontroles populares de las fuerzas de seguridad\u201d. En este sentido, se volvi\u00f3 a decir No a la baja en la edad de punibilidad de los pibes y pibas y en la necesidad imperiosa de pol\u00edticas p\u00fablicas con enfoque de derecho que aborden su integralidad.<\/span><span style=\"font-style: inherit; font-weight: inherit;\">&nbsp;<\/span><\/p>\n<p style=\"font-weight: 400;\"><span style=\"font-style: inherit; font-weight: inherit;\">Como propuesta de los participantes, se expuso la necesidad de crear en estos encuentros, mesas o paneles sobre la educaci\u00f3n sexual integral y el abuso sexual infantil. Asimismo, se hizo lugar a dos j\u00f3venes que se acercaron con una denuncia de abuso en Viedma, para lo cual el Encuentro se comprometi\u00f3 a accionar de forma legal.<\/span><span style=\"font-style: inherit; font-weight: inherit;\">&nbsp;<\/span><\/p>\n<p style=\"font-weight: 400;\"><span style=\"font-style: inherit; font-weight: inherit;\">La participaci\u00f3n de los ni\u00f1os, ni\u00f1as y adolescentes quiz\u00e1s fue el dato m\u00e1s importante del Encuentro, uno de los paneles que protagonizaron fue sobre la aplicaci\u00f3n de la Convenci\u00f3n Internacional en Argentina: comentaron experiencias e investigaciones en relaci\u00f3n al Informe que presentaron.&nbsp; Adem\u00e1s, resaltaron en los paneles de migraci\u00f3n y discriminaci\u00f3n, nuevas experiencias culturales y medios de comunicaci\u00f3n y ni\u00f1ez.<\/span><span style=\"font-style: inherit; font-weight: inherit;\">&nbsp;<\/span><\/p>\n<p style=\"font-weight: 400;\"><span style=\"font-style: inherit; font-weight: inherit;\">Asimismo, se destaca de las conclusiones el petitorio que ser\u00e1 entregado al Congreso de la Naci\u00f3n antes del 13 de noviembre para que sea asignado el Defensor\/a de los derechos del ni\u00f1o\/a.&nbsp;<\/span><span style=\"font-style: inherit; font-weight: inherit;\">&nbsp;<\/span><\/p>\n<p style=\"font-weight: 400;\"><span style=\"font-style: inherit; font-weight: inherit;\">Cabe destacar la asistencia de m\u00e1s de mil acreditados que aportaron sus demandas, anhelos y realizaciones a este encuentro en el cual los ni\u00f1os y ni\u00f1as fueron protagonistas, alzando la voz para dar cuenta de las distintas realidades que los atraviesan y generando propuestas concretas de cara al futuro inmediato.&nbsp;<\/span><span style=\"font-style: inherit; font-weight: inherit;\">&nbsp;<\/span><\/p>\n<p style=\"font-weight: 400;\"><span style=\"font-style: inherit; font-weight: inherit;\">As\u00ed, con din\u00e1micas que estimularon la participaci\u00f3n, las intervenciones de los compa\u00f1eros y compa\u00f1eras llegados de todo el pa\u00eds se escucharon en los salones de la sede del CURZA de la UNCO en la capital provincial.<\/span><span style=\"font-style: inherit; font-weight: inherit;\">&nbsp;<\/span><\/p>\n<p style=\"font-weight: 400;\"><span style=\"font-style: inherit; font-weight: inherit;\">La s\u00edntesis de las relator\u00edas de cada panel y talleres estar\u00e1n disponibles en los pr\u00f3ximos d\u00edas, dando cuenta de los ejes centrales&nbsp; para seguir construyendo una agenda alternativa que d\u00e9 prioridad a los derechos de los ni\u00f1os, ni\u00f1as y adolescentes, algo que el Estado debe garantizar a trav\u00e9s de pol\u00edticas al servicio del pueblo.<\/span><span style=\"font-style: inherit; font-weight: inherit;\">&nbsp;<\/span><\/p>\n<p style=\"font-weight: 400;\"><span style=\"font-style: inherit; font-weight: inherit;\">Todas las organizaciones presentes, militantes de diferentes espacios y los j\u00f3venes, ni\u00f1os y ni\u00f1as que fueron protagonistas de este Tercer Encuentro Nacional, refrendaron en Viedma su compromiso en la lucha por una ni\u00f1ez con derechos en un mundo con justicia.<\/span><\/p>\n","protected":false},"excerpt":{"rendered":"<p>Entre las principales conclusiones, se defini\u00f3 una jornada nacional de lucha para el pr\u00f3ximo 9 de mayo cuando se decidir\u00e1 la sede 2020. C\u00f3rdoba viaj\u00f3 con una numerosa delegaci\u00f3n del Consejo Directivo Provincial y compa\u00f1eros de R\u00edo Tercero y R\u00edo Cuarto. Tras dos hist\u00f3ricas jornadas de debate en paneles y talleres, con aportes de ni\u00f1os, [&hellip;]<\/p>\n","protected":false},"author":1,"featured_media":19220,"comment_status":"open","ping_status":"open","sticky":false,"template":"","format":"standard","meta":{"_exactmetrics_skip_tracking":false,"_exactmetrics_sitenote_active":false,"_exactmetrics_sitenote_note":"","_exactmetrics_sitenote_category":0,"jnews-multi-image_gallery":[],"jnews_single_post":[],"jnews_primary_category":[],"jnews_social_meta":[],"jnews_review":[],"enable_review":"","type":"","name":"","summary":"","brand":"","sku":"","good":[],"bad":[],"score_override":"","override_value":"","rating":[],"price":[],"jnews_override_counter":[],"jnews_post_split":[],"footnotes":""},"categories":[10],"tags":[],"class_list":["post-10578","post","type-post","status-publish","format-standard","has-post-thumbnail","hentry","category-accion-politica"],"jetpack_featured_media_url":"https:\/\/atecordoba.org\/wp-content\/uploads\/2020\/05\/logo-nuevochico-e1561581322808.png","_links":{"self":[{"href":"https:\/\/atecordoba.org\/index.php?rest_route=\/wp\/v2\/posts\/10578","targetHints":{"allow":["GET"]}}],"collection":[{"href":"https:\/\/atecordoba.org\/index.php?rest_route=\/wp\/v2\/posts"}],"about":[{"href":"https:\/\/atecordoba.org\/index.php?rest_route=\/wp\/v2\/types\/post"}],"author":[{"embeddable":true,"href":"https:\/\/atecordoba.org\/index.php?rest_route=\/wp\/v2\/users\/1"}],"replies":[{"embeddable":true,"href":"https:\/\/atecordoba.org\/index.php?rest_route=%2Fwp%2Fv2%2Fcomments&post=10578"}],"version-history":[{"count":0,"href":"https:\/\/atecordoba.org\/index.php?rest_route=\/wp\/v2\/posts\/10578\/revisions"}],"wp:featuredmedia":[{"embeddable":true,"href":"https:\/\/atecordoba.org\/index.php?rest_route=\/wp\/v2\/media\/19220"}],"wp:attachment":[{"href":"https:\/\/atecordoba.org\/index.php?rest_route=%2Fwp%2Fv2%2Fmedia&parent=10578"}],"wp:term":[{"taxonomy":"category","embeddable":true,"href":"https:\/\/atecordoba.org\/index.php?rest_route=%2Fwp%2Fv2%2Fcategories&post=10578"},{"taxonomy":"post_tag","embeddable":true,"href":"https:\/\/atecordoba.org\/index.php?rest_route=%2Fwp%2Fv2%2Ftags&post=10578"}],"curies":[{"name":"wp","href":"https:\/\/api.w.org\/{rel}","templated":true}]}}