{"id":10575,"date":"2018-11-12T14:29:53","date_gmt":"2018-11-12T17:29:53","guid":{"rendered":"http:\/\/www.atecordoba.org\/?p=10575"},"modified":"2020-07-02T11:33:42","modified_gmt":"2020-07-02T14:33:42","slug":"asamblea-el-viernes-en-servicios-auxiliares-del-aeropuerto-cordoba-en-repudio-al-proyecto-privatizador","status":"publish","type":"post","link":"https:\/\/atecordoba.org\/?p=10575","title":{"rendered":"Asamblea el viernes en servicios auxiliares del aeropuerto C\u00f3rdoba en repudio al proyecto privatizador"},"content":{"rendered":"<p><em>ATE lanza esta semana un plan de lucha en la Administraci\u00f3n Nacional de Aviaci\u00f3n Civil (ANAC) el viernes 16 con asamblea de 8 a 11 horas que afectar\u00e1 el \u00e1rea operativa y el movimiento de los vuelos.<\/em><\/p>\n<p><img loading=\"lazy\" decoding=\"async\" class=\"aligncenter size-full wp-image-10576\" src=\"http:\/\/www.atecordoba.org\/wp-content\/uploads\/2018\/11\/anac.jpg\" alt=\"\" width=\"400\" height=\"300\"><\/p>\n<p>La medida de fuerza se llevar\u00e1 a cabo en todos los aeropuertos del pa\u00eds y est\u00e1 originada en el rechazo a la iniciativa oficial de privatizar los servicios de bomberos, servicios de sanidad y control terrestre. Tambi\u00e9n estar\u00e1n afectados los servicios de administraci\u00f3n.<\/p>\n<p>Seg\u00fan estableci\u00f3 el cuerpo de delegados de ATE del Aeropuerto C\u00f3rdoba, la asamblea comenzar\u00e1 a las 8 de las ma\u00f1ana y se extender\u00e1 hasta las 11 horas por lo que durante ese horario&nbsp; se podr\u00edan suceder retrasos, cancelaciones o reprogramaci\u00f3n de vuelos.<\/p>\n<p>El reclamo apunta a defender los puestos de trabajo, en riesgo a partir de los cambios de la <a href=\"http:\/\/servicios.infoleg.gob.ar\/infolegInternet\/anexos\/20000-24999\/24963\/texact.htm#1\">ley 17.285<\/a> (C\u00f3digo Aeron\u00e1utico), de la RAAC 153, RAAC 65 Y RAAC 139, resoluciones que hacen a la funci\u00f3n estatal del servicio.<\/p>\n<p>Todo, bajo la responsabilidad el Ministerio de Transporte, que hace dos meses renov\u00f3 el contrato de concesi\u00f3n de la gesti\u00f3n de las terminales a\u00e9reas a la firma Aeropuertos Argentina 2000.<\/p>\n<p>\u201cNo vamos a permitir la p\u00e9rdida de un solo puesto de trabajo. Repudiamos los despidos de los compa\u00f1eros contratados en diversos puntos del pa\u00eds y exigimos su inmediata reincorporaci\u00f3n\u201d, expreso el delegado de ATE, Hugo Torres.<\/p>\n<p>Durante la asamblea se llevar\u00e1 a cabo una volanteada en el hall del Aeropuerto C\u00f3rdoba.<\/p>\n","protected":false},"excerpt":{"rendered":"<p>ATE lanza esta semana un plan de lucha en la Administraci\u00f3n Nacional de Aviaci\u00f3n Civil (ANAC) el viernes 16 con asamblea de 8 a 11 horas que afectar\u00e1 el \u00e1rea operativa y el movimiento de los vuelos. La medida de fuerza se llevar\u00e1 a cabo en todos los aeropuertos del pa\u00eds y est\u00e1 originada en [&hellip;]<\/p>\n","protected":false},"author":1,"featured_media":19220,"comment_status":"open","ping_status":"open","sticky":false,"template":"","format":"standard","meta":{"_exactmetrics_skip_tracking":false,"_exactmetrics_sitenote_active":false,"_exactmetrics_sitenote_note":"","_exactmetrics_sitenote_category":0,"jnews-multi-image_gallery":[],"jnews_single_post":[],"jnews_primary_category":[],"jnews_social_meta":[],"jnews_review":[],"enable_review":"","type":"","name":"","summary":"","brand":"","sku":"","good":[],"bad":[],"score_override":"","override_value":"","rating":[],"price":[],"jnews_override_counter":[],"jnews_post_split":[],"footnotes":""},"categories":[341,18,34],"tags":[33,347],"class_list":["post-10575","post","type-post","status-publish","format-standard","has-post-thumbnail","hentry","category-cdp","category-nacionales","category-seccionales","tag-anac","tag-movimiento-aeronautico-cordobes-mac"],"jetpack_featured_media_url":"https:\/\/atecordoba.org\/wp-content\/uploads\/2020\/05\/logo-nuevochico-e1561581322808.png","_links":{"self":[{"href":"https:\/\/atecordoba.org\/index.php?rest_route=\/wp\/v2\/posts\/10575","targetHints":{"allow":["GET"]}}],"collection":[{"href":"https:\/\/atecordoba.org\/index.php?rest_route=\/wp\/v2\/posts"}],"about":[{"href":"https:\/\/atecordoba.org\/index.php?rest_route=\/wp\/v2\/types\/post"}],"author":[{"embeddable":true,"href":"https:\/\/atecordoba.org\/index.php?rest_route=\/wp\/v2\/users\/1"}],"replies":[{"embeddable":true,"href":"https:\/\/atecordoba.org\/index.php?rest_route=%2Fwp%2Fv2%2Fcomments&post=10575"}],"version-history":[{"count":1,"href":"https:\/\/atecordoba.org\/index.php?rest_route=\/wp\/v2\/posts\/10575\/revisions"}],"predecessor-version":[{"id":20546,"href":"https:\/\/atecordoba.org\/index.php?rest_route=\/wp\/v2\/posts\/10575\/revisions\/20546"}],"wp:featuredmedia":[{"embeddable":true,"href":"https:\/\/atecordoba.org\/index.php?rest_route=\/wp\/v2\/media\/19220"}],"wp:attachment":[{"href":"https:\/\/atecordoba.org\/index.php?rest_route=%2Fwp%2Fv2%2Fmedia&parent=10575"}],"wp:term":[{"taxonomy":"category","embeddable":true,"href":"https:\/\/atecordoba.org\/index.php?rest_route=%2Fwp%2Fv2%2Fcategories&post=10575"},{"taxonomy":"post_tag","embeddable":true,"href":"https:\/\/atecordoba.org\/index.php?rest_route=%2Fwp%2Fv2%2Ftags&post=10575"}],"curies":[{"name":"wp","href":"https:\/\/api.w.org\/{rel}","templated":true}]}}