{"id":10564,"date":"2018-11-08T15:12:37","date_gmt":"2018-11-08T18:12:37","guid":{"rendered":"http:\/\/www.atecordoba.org\/?p=10564"},"modified":"2020-06-18T23:40:35","modified_gmt":"2020-06-19T02:40:35","slug":"feliz-dia-del-trabajador-municipal-3","status":"publish","type":"post","link":"https:\/\/atecordoba.org\/?p=10564","title":{"rendered":"Feliz D\u00eda del Trabajador Municipal"},"content":{"rendered":"<p><em>El Consejo Directivo Provincial env\u00eda un c\u00e1lido y fraternal saludo a los municipales cordobeses en su d\u00eda.<\/em><\/p>\n<p><img loading=\"lazy\" decoding=\"async\" class=\"aligncenter size-full wp-image-10565\" src=\"http:\/\/atecordoba.org\/wp-content\/uploads\/2020\/06\/MUNICIPALES-GRAFICO-e1541700734862.png\" alt=\"\" width=\"400\" height=\"448\"><\/p>\n<p>Cada trabajador municipal tiene derecho a ejercer su merecido descanso. Se trata de una fecha de festejo y reflexi\u00f3n al mismo tiempo de nuestro rol como trabajadores estatales del nivel m\u00e1s pr\u00f3ximo al ciudadano.&nbsp;<\/p>\n<p>Tambi\u00e9n se refiere a los trabajadores m\u00e1s precarizados y peor pagos del Estado en la provincia de C\u00f3rdoba, salvo contadas excepciones, que cumplen su labor cotidiana para garantizar los derechos de la comunidad.<\/p>\n<p>Desde ATE refrendamos nuestro compromiso en la defensa de cada municipal, por salarios dignos y cada puesto de trabajo firme y en planta permanente.<\/p>\n<p>felicidades compa\u00f1eros<\/p>\n<p>Liliana Salerno&nbsp;<\/p>\n<p>Secretaria General&nbsp;<\/p>\n","protected":false},"excerpt":{"rendered":"<p>El Consejo Directivo Provincial env\u00eda un c\u00e1lido y fraternal saludo a los municipales cordobeses en su d\u00eda. Cada trabajador municipal tiene derecho a ejercer su merecido descanso. Se trata de una fecha de festejo y reflexi\u00f3n al mismo tiempo de nuestro rol como trabajadores estatales del nivel m\u00e1s pr\u00f3ximo al ciudadano.&nbsp; Tambi\u00e9n se refiere a [&hellip;]<\/p>\n","protected":false},"author":1,"featured_media":19220,"comment_status":"open","ping_status":"open","sticky":false,"template":"","format":"standard","meta":{"_exactmetrics_skip_tracking":false,"_exactmetrics_sitenote_active":false,"_exactmetrics_sitenote_note":"","_exactmetrics_sitenote_category":0,"jnews-multi-image_gallery":[],"jnews_single_post":[],"jnews_primary_category":[],"jnews_social_meta":[],"jnews_review":[],"enable_review":"","type":"","name":"","summary":"","brand":"","sku":"","good":[],"bad":[],"score_override":"","override_value":"","rating":[],"price":[],"jnews_override_counter":[],"jnews_post_split":[],"footnotes":""},"categories":[20],"tags":[],"class_list":["post-10564","post","type-post","status-publish","format-standard","has-post-thumbnail","hentry","category-municipales"],"jetpack_featured_media_url":"https:\/\/atecordoba.org\/wp-content\/uploads\/2020\/05\/logo-nuevochico-e1561581322808.png","_links":{"self":[{"href":"https:\/\/atecordoba.org\/index.php?rest_route=\/wp\/v2\/posts\/10564","targetHints":{"allow":["GET"]}}],"collection":[{"href":"https:\/\/atecordoba.org\/index.php?rest_route=\/wp\/v2\/posts"}],"about":[{"href":"https:\/\/atecordoba.org\/index.php?rest_route=\/wp\/v2\/types\/post"}],"author":[{"embeddable":true,"href":"https:\/\/atecordoba.org\/index.php?rest_route=\/wp\/v2\/users\/1"}],"replies":[{"embeddable":true,"href":"https:\/\/atecordoba.org\/index.php?rest_route=%2Fwp%2Fv2%2Fcomments&post=10564"}],"version-history":[{"count":1,"href":"https:\/\/atecordoba.org\/index.php?rest_route=\/wp\/v2\/posts\/10564\/revisions"}],"predecessor-version":[{"id":20355,"href":"https:\/\/atecordoba.org\/index.php?rest_route=\/wp\/v2\/posts\/10564\/revisions\/20355"}],"wp:featuredmedia":[{"embeddable":true,"href":"https:\/\/atecordoba.org\/index.php?rest_route=\/wp\/v2\/media\/19220"}],"wp:attachment":[{"href":"https:\/\/atecordoba.org\/index.php?rest_route=%2Fwp%2Fv2%2Fmedia&parent=10564"}],"wp:term":[{"taxonomy":"category","embeddable":true,"href":"https:\/\/atecordoba.org\/index.php?rest_route=%2Fwp%2Fv2%2Fcategories&post=10564"},{"taxonomy":"post_tag","embeddable":true,"href":"https:\/\/atecordoba.org\/index.php?rest_route=%2Fwp%2Fv2%2Ftags&post=10564"}],"curies":[{"name":"wp","href":"https:\/\/api.w.org\/{rel}","templated":true}]}}