{"id":10561,"date":"2018-11-08T12:23:08","date_gmt":"2018-11-08T15:23:08","guid":{"rendered":"http:\/\/www.atecordoba.org\/?p=10561"},"modified":"2018-11-08T12:23:08","modified_gmt":"2018-11-08T15:23:08","slug":"hugo-cachorro-godoy-sobre-el-bono-el-gobierno-busca-frenar-el-conflicto-social","status":"publish","type":"post","link":"https:\/\/atecordoba.org\/?p=10561","title":{"rendered":"Hugo \u201cCachorro\u201d Godoy sobre el Bono: \u201cel Gobierno busca frenar el conflicto social\u201d"},"content":{"rendered":"<p class=\"copete\"><em>La postura de ATE sobre el bono que plantean el gobierno, el empresariado y la CGT.<\/em><\/p>\n<div class=\"sliderkit-panel sliderkit-panel-active\">\n<p class=\"copete\"><img loading=\"lazy\" decoding=\"async\" class=\"aligncenter size-full wp-image-10562\" src=\"http:\/\/www.atecordoba.org\/wp-content\/uploads\/2018\/11\/godoy2-e1541690551849.jpg\" alt=\"\" width=\"550\" height=\"367\"><\/p>\n<div class=\"sliderkit photoslider-1click sombra\">\n<div class=\"sliderkit-panels\">\n<div class=\"sliderkit-panel sliderkit-panel-active\">&nbsp;<\/div>\n<\/div>\n<\/div>\n<\/div>\n<div>\n<p style=\"font-weight: 400;\">Tras la propuesta de acuerdo entre la CGT, el Gobierno y el sector empresario que consiste b\u00e1sicamente en una compensaci\u00f3n extraordinaria no remunerativa de hasta $5.000 \u2013a pagar en dos tramos- y que depender\u00e1 de la situaci\u00f3n de cada sector, implicando que no est\u00e1n verdaderamente obligados a pagar, el Secretario General Secretario General de ATE Nacional, Hugo \u2018Cachorro\u2019 Godoy, manifest\u00f3: \u201cLo \u00fanico que ganan los dirigentes que est\u00e1n en la CGT es obtener la exclusividad de la representaci\u00f3n de los trabajadores ante el Gobierno. Y lo que el Gobierno busca con esto es que le garantice frenar la conflictividad social y la protesta de los trabajadores frente a la gran agresi\u00f3n de sus pol\u00edticas econ\u00f3micas\u201d.<\/p>\n<p style=\"font-weight: 400;\">\u201cMientras sucede esto, el Gobierno tratar\u00e1 el pr\u00f3ximo 14 de noviembre en el Senado el proyecto de Presupuesto, que significa el ajuste perpetuo y la aplicaci\u00f3n del plan del Fondo Monetario Internacional. El Gobierno apenas plantea un leve paliativo, pero en el mientras tanto mantiene y profundiza la agresividad de sus pol\u00edticas econ\u00f3micas hacia los trabajadores\u201d, agreg\u00f3 Godoy.<\/p>\n<p style=\"font-weight: 400;\">Sin embargo el dirigente consider\u00f3: \u201cEstos mismos dirigentes de la CGT firmaron el proyecto de Reforma Laboral el a\u00f1o pasado, pero las protestas que impidieron que se apruebe ese proyecto de Ley, y que ni siquiera sea tratado, muestran que el a\u00f1o pasado ya fracasaron en un intento similar al que pretenden llevar a cabo ahora\u201d.<\/p>\n<p style=\"font-weight: 400;\">\u201cNosotros, desde ATE, estamos pidiendo la reapertura de la Paritaria y, como lo demuestra el acampe que est\u00e1n llevando adelante los compa\u00f1eros de la Provincia de Buenos Aires para discutir el Presupuesto 2019 presentado por la Gobernadora Vidal, nuestro reclamo sigue recorriendo el pa\u00eds y ganando adhesiones. Por lo tanto, no descartamos la realizaci\u00f3n de nuevas medidas de fuerza nacionales antes de fin de a\u00f1o\u201d, cerr\u00f3 \u2018Cachorro\u2019 Godoy.<\/p>\n<p style=\"font-weight: 400;\">Vale remarcar que en el d\u00eda de ayer, el Consejo Directivo Nacional de ATE exigi\u00f3 al Gobierno Nacional, mediante una nota enviada al Secretario de Gobierno Andr\u00e9s Ibarra, la reapertura de la Paritaria con la finalidad de resolver la recomposici\u00f3n salarial de los trabajadores y trabajadoras estatales.<\/p>\n<p style=\"font-weight: 400;\">Los aumentos acordados en la paritaria de este a\u00f1o, de un m\u00e1ximo de 15 por ciento en tres tramos, y las dos sumas fijas de $2.000 y $4.000 a abonarse por \u00fanica vez, ya fueron pulverizadas por la inflaci\u00f3n anual acumulada, que ya supera el 32,4 por ciento, seg\u00fan el \u00cdndice de Precios al Consumidor (IPC) elaborado por el INDEC.<\/p>\n<\/div>\n","protected":false},"excerpt":{"rendered":"<p>La postura de ATE sobre el bono que plantean el gobierno, el empresariado y la CGT. &nbsp; Tras la propuesta de acuerdo entre la CGT, el Gobierno y el sector empresario que consiste b\u00e1sicamente en una compensaci\u00f3n extraordinaria no remunerativa de hasta $5.000 \u2013a pagar en dos tramos- y que depender\u00e1 de la situaci\u00f3n de [&hellip;]<\/p>\n","protected":false},"author":1,"featured_media":19220,"comment_status":"open","ping_status":"open","sticky":false,"template":"","format":"standard","meta":{"_exactmetrics_skip_tracking":false,"_exactmetrics_sitenote_active":false,"_exactmetrics_sitenote_note":"","_exactmetrics_sitenote_category":0,"jnews-multi-image_gallery":[],"jnews_single_post":[],"jnews_primary_category":[],"jnews_social_meta":[],"jnews_review":[],"enable_review":"","type":"","name":"","summary":"","brand":"","sku":"","good":[],"bad":[],"score_override":"","override_value":"","rating":[],"price":[],"jnews_override_counter":[],"jnews_post_split":[],"footnotes":""},"categories":[10,21],"tags":[],"class_list":["post-10561","post","type-post","status-publish","format-standard","has-post-thumbnail","hentry","category-accion-politica","category-paro-nacional"],"jetpack_featured_media_url":"https:\/\/atecordoba.org\/wp-content\/uploads\/2020\/05\/logo-nuevochico-e1561581322808.png","_links":{"self":[{"href":"https:\/\/atecordoba.org\/index.php?rest_route=\/wp\/v2\/posts\/10561","targetHints":{"allow":["GET"]}}],"collection":[{"href":"https:\/\/atecordoba.org\/index.php?rest_route=\/wp\/v2\/posts"}],"about":[{"href":"https:\/\/atecordoba.org\/index.php?rest_route=\/wp\/v2\/types\/post"}],"author":[{"embeddable":true,"href":"https:\/\/atecordoba.org\/index.php?rest_route=\/wp\/v2\/users\/1"}],"replies":[{"embeddable":true,"href":"https:\/\/atecordoba.org\/index.php?rest_route=%2Fwp%2Fv2%2Fcomments&post=10561"}],"version-history":[{"count":0,"href":"https:\/\/atecordoba.org\/index.php?rest_route=\/wp\/v2\/posts\/10561\/revisions"}],"wp:featuredmedia":[{"embeddable":true,"href":"https:\/\/atecordoba.org\/index.php?rest_route=\/wp\/v2\/media\/19220"}],"wp:attachment":[{"href":"https:\/\/atecordoba.org\/index.php?rest_route=%2Fwp%2Fv2%2Fmedia&parent=10561"}],"wp:term":[{"taxonomy":"category","embeddable":true,"href":"https:\/\/atecordoba.org\/index.php?rest_route=%2Fwp%2Fv2%2Fcategories&post=10561"},{"taxonomy":"post_tag","embeddable":true,"href":"https:\/\/atecordoba.org\/index.php?rest_route=%2Fwp%2Fv2%2Ftags&post=10561"}],"curies":[{"name":"wp","href":"https:\/\/api.w.org\/{rel}","templated":true}]}}