{"id":10558,"date":"2018-11-08T11:24:21","date_gmt":"2018-11-08T14:24:21","guid":{"rendered":"http:\/\/www.atecordoba.org\/?p=10558"},"modified":"2020-07-02T12:01:07","modified_gmt":"2020-07-02T15:01:07","slug":"en-el-mes-de-la-prevision-ate-lanza-una-campana-de-concientizacion-en-defensa-del-sistema-de-jubilaciones-publico-y-solidario","status":"publish","type":"post","link":"https:\/\/atecordoba.org\/?p=10558","title":{"rendered":"En el mes de la previsi\u00f3n, ATE lanza una campa\u00f1a de concientizaci\u00f3n en defensa del sistema de jubilaciones p\u00fablico y solidario"},"content":{"rendered":"<p><em>Los trabajadores de la Anses realizan una convocatoria p\u00fablica con mesas de difusi\u00f3n en todo el pa\u00eds. En C\u00f3rdoba la actividad se realizar\u00e1 el 26 de noviembre con un festival multisectorial.<\/em><\/p>\n<p><img loading=\"lazy\" decoding=\"async\" class=\"aligncenter size-full wp-image-10559\" src=\"http:\/\/www.atecordoba.org\/wp-content\/uploads\/2018\/11\/ANSES-SEPTIEMBRE-e1541686973797.jpg\" alt=\"\" width=\"550\" height=\"413\"><\/p>\n<p>La Mesa Nacional de ATE Anses lanz\u00f3 este mes de noviembre una campa\u00f1a de difusi\u00f3n, propaganda y concientizaci\u00f3n a la poblaci\u00f3n sobre la situaci\u00f3n que afronta el organismo previsional, a partir de las pol\u00edticas que viene desarrollando el gobierno de Mauricio Macri.<\/p>\n<p>No se trata solo de afectar los niveles salariales, donde los trabajadores estamos viviendo la ca\u00edda de nuestra capacidad de compra. La gesti\u00f3n actual est\u00e1 directamente destruyendo la seguridad social de Argentina, la m\u00e1s s\u00f3lida y con mejor cobertura de toda Latinoam\u00e9rica.<\/p>\n<p>Por un lado,&nbsp; actualmente Anses est\u00e1 pagando beneficios que no alcanzan para siquiera mitigar las carencias de las familias. La asignaci\u00f3n universal por hijo (AUH) significa 1347 pesos mensuales por cada menor, la jubilaci\u00f3n m\u00ednima -que cobra el 80% de los beneficiarios- apenas alcanza los 8096,30 pesos y el PUAM, para aquellos beneficiarios a partir de los 65 a\u00f1os sin aportes previsionales, les corresponde 6909 pesos.<\/p>\n<p>Se trata de asignaciones que mes a mes van licuando su capacidad adquisitiva a partir de la incontrolable escalada inflacionaria. Esta situaci\u00f3n se hace evidente en el aumento de la canasta alimentaria que pone en riesgo la salud de buena parte de la poblaci\u00f3n m\u00e1s vulnerable, tal como advierten los organismos internacionales en la material y la informaci\u00f3n oficial del Indec.<\/p>\n<p>El cuadro se completa con un peligroso vaciamiento del Fondo de Garant\u00eda de Sustentabilidad (FGS), que es el respaldo del pago de las obligaciones del Anses con los beneficiarios ante posibles ca\u00eddas de ingresos de los aportes patronales, los aportes de los trabajadores, o baja en los aportes del Tesoro. M\u00e1s de 30 mil millones de d\u00f3lares salieron del FGS sin tener destino claro de los mismos.<\/p>\n<p>Ante el fracaso rotundo de la Reparaci\u00f3n Hist\u00f3rica, gran parte se destin\u00f3 a resolver la situaci\u00f3n insostenible de la bicicleta financiera, que solo deja ganancias a grandes empresas multinacionales y amigos del poder.<\/p>\n<p>A todo esto se suma la quita de la Zona Austral, a partir del pacto con el FMI suscripto recientemente, demostrando que el grueso del ajuste recae sobre los jubilados y las asignaciones familiares de los menores&nbsp; a cargo.<\/p>\n<p>Por eso ATE denuncia que el gobierno tiene el sistema previsional en la mira: est\u00e1n en proceso de baja 150 mil pensiones no contributivas, hay un 50% menos de tramites jubilatorios al eliminarse la jubilaci\u00f3n por moratoria, para al mismo tiempo incrementar a 65 a\u00f1os la edad de las mujeres para acceder al PUAM.<\/p>\n<p>Esta situaci\u00f3n que afecta el futuro de los trabajadores actuales, as\u00ed como presente de los jubilados, pensionados y beneficiarios de programas sociales.<\/p>\n<p>Los trabajadores salimos a concientizar a la comunidad por:<\/p>\n<ul>\n<li>el fortalecimiento del sistema previsional<\/li>\n<li>el fin del trabajo en negro que resta aportes a la Anses<\/li>\n<li>la restituci\u00f3n de los aportes patronales a la etapa previa a Cavallo<\/li>\n<li>la custodia del Fondo de Garant\u00eda de Sustentabilidad<\/li>\n<li>la actualizaci\u00f3n de los planes sociales, jubilaciones y asignaciones<\/li>\n<li>aumento salarial y apertura de paritarias<\/li>\n<\/ul>\n<p>Las jornadas de difusi\u00f3n se llevar\u00e1n a cabo en las distintas UDAIs del pa\u00eds. En C\u00f3rdoba se realizara el 26 de noviembre en la Udai 1, Rivadavia 10, C\u00f3rdoba Capital.&nbsp;<\/p>\n<p style=\"text-align: right;\">Liliana Salerno<\/p>\n<p style=\"text-align: right;\">Secretaria General<\/p>\n","protected":false},"excerpt":{"rendered":"<p>Los trabajadores de la Anses realizan una convocatoria p\u00fablica con mesas de difusi\u00f3n en todo el pa\u00eds. En C\u00f3rdoba la actividad se realizar\u00e1 el 26 de noviembre con un festival multisectorial. La Mesa Nacional de ATE Anses lanz\u00f3 este mes de noviembre una campa\u00f1a de difusi\u00f3n, propaganda y concientizaci\u00f3n a la poblaci\u00f3n sobre la situaci\u00f3n [&hellip;]<\/p>\n","protected":false},"author":1,"featured_media":19220,"comment_status":"open","ping_status":"open","sticky":false,"template":"","format":"standard","meta":{"_exactmetrics_skip_tracking":false,"_exactmetrics_sitenote_active":false,"_exactmetrics_sitenote_note":"","_exactmetrics_sitenote_category":0,"jnews-multi-image_gallery":[],"jnews_single_post":[],"jnews_primary_category":[],"jnews_social_meta":[],"jnews_review":[],"enable_review":"","type":"","name":"","summary":"","brand":"","sku":"","good":[],"bad":[],"score_override":"","override_value":"","rating":[],"price":[],"jnews_override_counter":[],"jnews_post_split":[],"footnotes":""},"categories":[18],"tags":[38],"class_list":["post-10558","post","type-post","status-publish","format-standard","has-post-thumbnail","hentry","category-nacionales","tag-anses"],"jetpack_featured_media_url":"https:\/\/atecordoba.org\/wp-content\/uploads\/2020\/05\/logo-nuevochico-e1561581322808.png","_links":{"self":[{"href":"https:\/\/atecordoba.org\/index.php?rest_route=\/wp\/v2\/posts\/10558","targetHints":{"allow":["GET"]}}],"collection":[{"href":"https:\/\/atecordoba.org\/index.php?rest_route=\/wp\/v2\/posts"}],"about":[{"href":"https:\/\/atecordoba.org\/index.php?rest_route=\/wp\/v2\/types\/post"}],"author":[{"embeddable":true,"href":"https:\/\/atecordoba.org\/index.php?rest_route=\/wp\/v2\/users\/1"}],"replies":[{"embeddable":true,"href":"https:\/\/atecordoba.org\/index.php?rest_route=%2Fwp%2Fv2%2Fcomments&post=10558"}],"version-history":[{"count":1,"href":"https:\/\/atecordoba.org\/index.php?rest_route=\/wp\/v2\/posts\/10558\/revisions"}],"predecessor-version":[{"id":20570,"href":"https:\/\/atecordoba.org\/index.php?rest_route=\/wp\/v2\/posts\/10558\/revisions\/20570"}],"wp:featuredmedia":[{"embeddable":true,"href":"https:\/\/atecordoba.org\/index.php?rest_route=\/wp\/v2\/media\/19220"}],"wp:attachment":[{"href":"https:\/\/atecordoba.org\/index.php?rest_route=%2Fwp%2Fv2%2Fmedia&parent=10558"}],"wp:term":[{"taxonomy":"category","embeddable":true,"href":"https:\/\/atecordoba.org\/index.php?rest_route=%2Fwp%2Fv2%2Fcategories&post=10558"},{"taxonomy":"post_tag","embeddable":true,"href":"https:\/\/atecordoba.org\/index.php?rest_route=%2Fwp%2Fv2%2Ftags&post=10558"}],"curies":[{"name":"wp","href":"https:\/\/api.w.org\/{rel}","templated":true}]}}