{"id":10554,"date":"2018-11-07T12:51:10","date_gmt":"2018-11-07T15:51:10","guid":{"rendered":"http:\/\/www.atecordoba.org\/?p=10554"},"modified":"2018-11-07T12:51:10","modified_gmt":"2018-11-07T15:51:10","slug":"ate-le-exige-al-gobierno-la-inmediata-reapertura-de-la-paritaria-nacional","status":"publish","type":"post","link":"https:\/\/atecordoba.org\/?p=10554","title":{"rendered":"ATE le exige al Gobierno la inmediata reapertura de la Paritaria Nacional"},"content":{"rendered":"<p><em>Es por la urgente necesidad de resolver la recomposici\u00f3n salarial de los trabajadores y trabajadoras estatales.<\/em><\/p>\n<p><img loading=\"lazy\" decoding=\"async\" class=\"aligncenter size-full wp-image-10555\" src=\"http:\/\/www.atecordoba.org\/wp-content\/uploads\/2018\/11\/pedido-paritaria-nacional-e1541605805232.jpg\" alt=\"\" width=\"450\" height=\"637\"><\/p>\n<p>El Consejo Directivo Nacional de ATE exigi\u00f3 al Gobierno Nacional, mediante una nota enviada al secretario de Gobierno, Andr\u00e9s Ibarra, la reapertura de la Paritaria con la finalidad de resolver la recomposici\u00f3n salarial de los trabajadores y trabajadoras estatales.<\/p>\n<p>En C\u00f3rdoba, el Consejo Directivo Provincial acompa\u00f1a el reclamo, respaldado masivamente por los trabajadores de los distintos sectores del Estado nacional, mediante asambleas y notas elevadas a la patronal.<\/p>\n<p>Los aumentos acordados en la paritaria de este a\u00f1o, de un m\u00e1ximo de 15 por ciento en tres tramos, y las dos sumas fijas de $2.000 y $4.000 a abonarse por \u00fanica vez, ya fueron pulverizadas por la inflaci\u00f3n anual acumulada, que ya supera el 32,4 por ciento, seg\u00fan el \u00cdndice de Precios al Consumidor (IPC) elaborado por el INDEC.<\/p>\n<p>Producto de las pol\u00edticas de ajuste implementadas por el Gobierno y dictadas por el FMI, la p\u00e9rdida de poder adquisitivo del salario hace que cada d\u00eda m\u00e1s trabajadores y trabajadoras desciendan bajo la l\u00ednea de pobreza. Esta situaci\u00f3n se agrava, ya que las proyecciones de inflaci\u00f3n anual del FMI estiman un 43,5 por ciento y las de las consultoras privadas un 50 por ciento para este a\u00f1o.<\/p>\n<p>Por todo esto, ATE reclama por:<\/p>\n<p>&#8211; La inmediata reapertura de la paritaria.<\/p>\n<p>&#8211; Incorporar al sueldo b\u00e1sico, como remunerativo y bonificable, los $4.000 otorgados como suma fija por \u00fanica vez y otorgar una bonificaci\u00f3n de fin de a\u00f1o de $5.000 en diciembre. Hasta tanto se realice la convocatoria.<\/p>\n<p>&#8211; Aplicar una cl\u00e1usula de monitoreo y revisi\u00f3n que, frente al aumento de la inflaci\u00f3n por encima de lo acordado, actualice autom\u00e1ticamente los salarios.<\/p>\n<p>&#8211; Proceder a la apertura de los CCT Sectoriales para determinar los aumentos correspondientes a cada uno.<\/p>\n<p>&#8211; Avanzar en la reglamentaci\u00f3n y aplicaci\u00f3n de los adicionales, suplementos y dem\u00e1s instrumentos que permitan mejorar la calidad del trabajo y los salarios.<\/p>\n<p>&#8211; Regular el concepto de \u201cpresentismo\u201d dentro del CCT General para la Administraci\u00f3n P\u00fablica Nacional, aplic\u00e1ndolo de manera mensual y con estricto respeto del R\u00e9gimen de Licencias, Justificaciones y Franquicias vigente.<\/p>\n<p><img loading=\"lazy\" decoding=\"async\" class=\"aligncenter size-full wp-image-10556\" src=\"http:\/\/www.atecordoba.org\/wp-content\/uploads\/2018\/11\/pedido-paritaria-nacional-2-e1541605841529.jpg\" alt=\"\" width=\"450\" height=\"603\"><\/p>\n<p>&nbsp;<\/p>\n","protected":false},"excerpt":{"rendered":"<p>Es por la urgente necesidad de resolver la recomposici\u00f3n salarial de los trabajadores y trabajadoras estatales. El Consejo Directivo Nacional de ATE exigi\u00f3 al Gobierno Nacional, mediante una nota enviada al secretario de Gobierno, Andr\u00e9s Ibarra, la reapertura de la Paritaria con la finalidad de resolver la recomposici\u00f3n salarial de los trabajadores y trabajadoras estatales. [&hellip;]<\/p>\n","protected":false},"author":1,"featured_media":19220,"comment_status":"open","ping_status":"open","sticky":false,"template":"","format":"standard","meta":{"_exactmetrics_skip_tracking":false,"_exactmetrics_sitenote_active":false,"_exactmetrics_sitenote_note":"","_exactmetrics_sitenote_category":0,"jnews-multi-image_gallery":[],"jnews_single_post":[],"jnews_primary_category":[],"jnews_social_meta":[],"jnews_review":[],"enable_review":"","type":"","name":"","summary":"","brand":"","sku":"","good":[],"bad":[],"score_override":"","override_value":"","rating":[],"price":[],"jnews_override_counter":[],"jnews_post_split":[],"footnotes":""},"categories":[18],"tags":[],"class_list":["post-10554","post","type-post","status-publish","format-standard","has-post-thumbnail","hentry","category-nacionales"],"jetpack_featured_media_url":"https:\/\/atecordoba.org\/wp-content\/uploads\/2020\/05\/logo-nuevochico-e1561581322808.png","_links":{"self":[{"href":"https:\/\/atecordoba.org\/index.php?rest_route=\/wp\/v2\/posts\/10554","targetHints":{"allow":["GET"]}}],"collection":[{"href":"https:\/\/atecordoba.org\/index.php?rest_route=\/wp\/v2\/posts"}],"about":[{"href":"https:\/\/atecordoba.org\/index.php?rest_route=\/wp\/v2\/types\/post"}],"author":[{"embeddable":true,"href":"https:\/\/atecordoba.org\/index.php?rest_route=\/wp\/v2\/users\/1"}],"replies":[{"embeddable":true,"href":"https:\/\/atecordoba.org\/index.php?rest_route=%2Fwp%2Fv2%2Fcomments&post=10554"}],"version-history":[{"count":0,"href":"https:\/\/atecordoba.org\/index.php?rest_route=\/wp\/v2\/posts\/10554\/revisions"}],"wp:featuredmedia":[{"embeddable":true,"href":"https:\/\/atecordoba.org\/index.php?rest_route=\/wp\/v2\/media\/19220"}],"wp:attachment":[{"href":"https:\/\/atecordoba.org\/index.php?rest_route=%2Fwp%2Fv2%2Fmedia&parent=10554"}],"wp:term":[{"taxonomy":"category","embeddable":true,"href":"https:\/\/atecordoba.org\/index.php?rest_route=%2Fwp%2Fv2%2Fcategories&post=10554"},{"taxonomy":"post_tag","embeddable":true,"href":"https:\/\/atecordoba.org\/index.php?rest_route=%2Fwp%2Fv2%2Ftags&post=10554"}],"curies":[{"name":"wp","href":"https:\/\/api.w.org\/{rel}","templated":true}]}}