{"id":10545,"date":"2018-11-05T12:20:26","date_gmt":"2018-11-05T15:20:26","guid":{"rendered":"http:\/\/www.atecordoba.org\/?p=10545"},"modified":"2018-11-05T12:20:26","modified_gmt":"2018-11-05T15:20:26","slug":"ate-participo-de-la-marcha-blanca-de-la-salud","status":"publish","type":"post","link":"https:\/\/atecordoba.org\/?p=10545","title":{"rendered":"ATE particip\u00f3 de la Marcha Blanca de la salud"},"content":{"rendered":"<p><em>Junto a organizaciones gremiales y sociales, compa\u00f1eros de diversos hospitales provinciales reclamaron&nbsp;mejoras salariales y de condiciones de trabajo.<\/em><\/p>\n<p><img loading=\"lazy\" decoding=\"async\" class=\"aligncenter size-full wp-image-10546\" src=\"http:\/\/www.atecordoba.org\/wp-content\/uploads\/2018\/11\/foto-1-e1541431132344.jpeg\" alt=\"\" width=\"550\" height=\"413\"><\/p>\n<p>La movilizaci\u00f3n se realiz\u00f3 el jueves pasado, partiendo desde la esquina de Col\u00f3n y General Paz para finalizar en Casa de Gobierno, donde se ley\u00f3 un documento cr\u00edtico del estado del sistema de salud provincial.<\/p>\n<p>En la oportunidad particip\u00f3 el Consejo Directivo Provincial y el cuerpo de delegados provinciales de ATE.<\/p>\n<p><img loading=\"lazy\" decoding=\"async\" class=\"aligncenter size-full wp-image-10547\" src=\"http:\/\/www.atecordoba.org\/wp-content\/uploads\/2018\/11\/foto-2-e1541431155979.jpeg\" alt=\"\" width=\"550\" height=\"413\"><\/p>\n<p>La degradaci\u00f3n del Ministerio de Salud Nacional al rango de Secretar\u00eda, tal como lo resolvi\u00f3 el gobierno de Macri, fue uno de los puntos de cr\u00edtica de la convocatoria, con su implicancia en el recorte de programas de asistencia sanitaria de gran impacto social para los sectores m\u00e1s vulnerables, que se encuentran por fuera del sistema de obras sociales o prepagas y que se atiende en el sector p\u00fablico.<\/p>\n<p>Por otro lado, el gobierno de C\u00f3rdoba mantiene una situaci\u00f3n de falta de personal cr\u00f3nica, al tiempo de profundiza la precarizaci\u00f3n con figuras como el monotributo y los contratos sin t\u00e9rmino, achicando cada vez m\u00e1s la planta permanente ya que ni siquiera se reponen los cargos en planta de los compa\u00f1eros que se jubilan.<\/p>\n<p><img loading=\"lazy\" decoding=\"async\" class=\"aligncenter size-full wp-image-10548\" src=\"http:\/\/www.atecordoba.org\/wp-content\/uploads\/2018\/11\/foto-3-e1541431179967.jpeg\" alt=\"\" width=\"550\" height=\"413\"><\/p>\n<p>Asimismo, se hizo menci\u00f3n al faltante de insumos y medicamentos que en su momento el gobierno se hab\u00eda comprometido a brindar gratis a los pacientes.<\/p>\n<p>Por otro lado, a nivel salarial&nbsp;los haberes de gran parte de los trabajadores provinciales se encuentran por debajo de la canasta familiar. Esto exige que tanto los trabajadores, enrolados en la ley 7233 como en la 7625, necesitan una rediscusi\u00f3n para garantizar a sus familias un nivel salarial que cubra las necesidades totales.<\/p>\n<p>&nbsp;<\/p>\n<p>&nbsp;<\/p>\n","protected":false},"excerpt":{"rendered":"<p>Junto a organizaciones gremiales y sociales, compa\u00f1eros de diversos hospitales provinciales reclamaron&nbsp;mejoras salariales y de condiciones de trabajo. La movilizaci\u00f3n se realiz\u00f3 el jueves pasado, partiendo desde la esquina de Col\u00f3n y General Paz para finalizar en Casa de Gobierno, donde se ley\u00f3 un documento cr\u00edtico del estado del sistema de salud provincial. En la [&hellip;]<\/p>\n","protected":false},"author":1,"featured_media":19220,"comment_status":"open","ping_status":"open","sticky":false,"template":"","format":"standard","meta":{"_exactmetrics_skip_tracking":false,"_exactmetrics_sitenote_active":false,"_exactmetrics_sitenote_note":"","_exactmetrics_sitenote_category":0,"jnews-multi-image_gallery":[],"jnews_single_post":[],"jnews_primary_category":[],"jnews_social_meta":[],"jnews_review":[],"enable_review":"","type":"","name":"","summary":"","brand":"","sku":"","good":[],"bad":[],"score_override":"","override_value":"","rating":[],"price":[],"jnews_override_counter":[],"jnews_post_split":[],"footnotes":""},"categories":[102],"tags":[],"class_list":["post-10545","post","type-post","status-publish","format-standard","has-post-thumbnail","hentry","category-salud-2"],"jetpack_featured_media_url":"https:\/\/atecordoba.org\/wp-content\/uploads\/2020\/05\/logo-nuevochico-e1561581322808.png","_links":{"self":[{"href":"https:\/\/atecordoba.org\/index.php?rest_route=\/wp\/v2\/posts\/10545","targetHints":{"allow":["GET"]}}],"collection":[{"href":"https:\/\/atecordoba.org\/index.php?rest_route=\/wp\/v2\/posts"}],"about":[{"href":"https:\/\/atecordoba.org\/index.php?rest_route=\/wp\/v2\/types\/post"}],"author":[{"embeddable":true,"href":"https:\/\/atecordoba.org\/index.php?rest_route=\/wp\/v2\/users\/1"}],"replies":[{"embeddable":true,"href":"https:\/\/atecordoba.org\/index.php?rest_route=%2Fwp%2Fv2%2Fcomments&post=10545"}],"version-history":[{"count":0,"href":"https:\/\/atecordoba.org\/index.php?rest_route=\/wp\/v2\/posts\/10545\/revisions"}],"wp:featuredmedia":[{"embeddable":true,"href":"https:\/\/atecordoba.org\/index.php?rest_route=\/wp\/v2\/media\/19220"}],"wp:attachment":[{"href":"https:\/\/atecordoba.org\/index.php?rest_route=%2Fwp%2Fv2%2Fmedia&parent=10545"}],"wp:term":[{"taxonomy":"category","embeddable":true,"href":"https:\/\/atecordoba.org\/index.php?rest_route=%2Fwp%2Fv2%2Fcategories&post=10545"},{"taxonomy":"post_tag","embeddable":true,"href":"https:\/\/atecordoba.org\/index.php?rest_route=%2Fwp%2Fv2%2Ftags&post=10545"}],"curies":[{"name":"wp","href":"https:\/\/api.w.org\/{rel}","templated":true}]}}