{"id":10533,"date":"2018-10-31T14:00:51","date_gmt":"2018-10-31T17:00:51","guid":{"rendered":"http:\/\/www.atecordoba.org\/?p=10533"},"modified":"2020-07-02T11:33:32","modified_gmt":"2020-07-02T14:33:32","slug":"presupuesto-anac-la-seguridad-operacional-al-borde-del-colapso","status":"publish","type":"post","link":"https:\/\/atecordoba.org\/?p=10533","title":{"rendered":"Presupuesto ANAC: La seguridad operacional al borde del colapso"},"content":{"rendered":"<p><em>La coordinaci\u00f3n nacional de ATE ANAC repudi\u00f3 el presupuesto y los objetivos pautados para el organismo de control a\u00e9reo en 2019.<\/em><\/p>\n<p><img loading=\"lazy\" decoding=\"async\" class=\"aligncenter size-full wp-image-10534\" src=\"http:\/\/www.atecordoba.org\/wp-content\/uploads\/2018\/10\/IMG_8525-e1541005227902.jpg\" alt=\"\" width=\"550\" height=\"413\"><\/p>\n<p style=\"font-weight: 400;\">La Coordinaci\u00f3n Nacional ATE ANAC rechaz\u00f3 el presupuesto de ajuste sobre ANAC Argentina y denunci\u00f3 al Gobierno por querer tercerizar funciones que, por ley, son responsabilidad del Estado. Adem\u00e1s, anunciaron que dar\u00e1n continuidad al plan de acci\u00f3n definido en el Plenario Nacional.<\/p>\n<p style=\"font-weight: 400;\">En un comunicado de prensa, expresaron: \u201cRepudiamos de manera absoluta y contundente la implementaci\u00f3n de esta pol\u00edtica que avasalla los derechos de todos los trabajadores y pone a la seguridad operacional al borde del colapso, con severas implicancias para los usuarios y la pol\u00edtica Aerocomercial\u201d.<\/p>\n<p style=\"font-weight: 400;\">De esta manera, rechazan el presupuesto destinado a ANAC para 2019, informado por la Oficina de Presupuesto del Ministerio de Hacienda. La misma, indica que los objetivos centrales para el organismo son: 1) \u201cFinalizar el plan de inversiones en equipamiento para el Servicio de Salvamento y Extinci\u00f3n de Incendios (SSEI) y comenzar el traspaso de los mismos a concesionarios de los aeropuertos\u201d; y 2) \u201cIniciar la implementaci\u00f3n del proceso de racionalizaci\u00f3n administrativa en las regionales y la reconversi\u00f3n de los recursos a tareas operativas, por ejemplo, transformar los jefes de aeropuertos en verdaderos coordinadores de seguridad operacional\u201d.<\/p>\n<p style=\"font-weight: 400;\">La Mesa de ATE ANAC cierra el comunicado reafirmando la pelea contra la tercerizaci\u00f3n de los servicios auxiliares y la racionalizaci\u00f3n de las direcciones regionales.<\/p>\n","protected":false},"excerpt":{"rendered":"<p>La coordinaci\u00f3n nacional de ATE ANAC repudi\u00f3 el presupuesto y los objetivos pautados para el organismo de control a\u00e9reo en 2019. La Coordinaci\u00f3n Nacional ATE ANAC rechaz\u00f3 el presupuesto de ajuste sobre ANAC Argentina y denunci\u00f3 al Gobierno por querer tercerizar funciones que, por ley, son responsabilidad del Estado. Adem\u00e1s, anunciaron que dar\u00e1n continuidad al [&hellip;]<\/p>\n","protected":false},"author":1,"featured_media":19220,"comment_status":"open","ping_status":"open","sticky":false,"template":"","format":"standard","meta":{"_exactmetrics_skip_tracking":false,"_exactmetrics_sitenote_active":false,"_exactmetrics_sitenote_note":"","_exactmetrics_sitenote_category":0,"jnews-multi-image_gallery":[],"jnews_single_post":[],"jnews_primary_category":[],"jnews_social_meta":[],"jnews_review":[],"enable_review":"","type":"","name":"","summary":"","brand":"","sku":"","good":[],"bad":[],"score_override":"","override_value":"","rating":[],"price":[],"jnews_override_counter":[],"jnews_post_split":[],"footnotes":""},"categories":[18],"tags":[33,347],"class_list":["post-10533","post","type-post","status-publish","format-standard","has-post-thumbnail","hentry","category-nacionales","tag-anac","tag-movimiento-aeronautico-cordobes-mac"],"jetpack_featured_media_url":"https:\/\/atecordoba.org\/wp-content\/uploads\/2020\/05\/logo-nuevochico-e1561581322808.png","_links":{"self":[{"href":"https:\/\/atecordoba.org\/index.php?rest_route=\/wp\/v2\/posts\/10533","targetHints":{"allow":["GET"]}}],"collection":[{"href":"https:\/\/atecordoba.org\/index.php?rest_route=\/wp\/v2\/posts"}],"about":[{"href":"https:\/\/atecordoba.org\/index.php?rest_route=\/wp\/v2\/types\/post"}],"author":[{"embeddable":true,"href":"https:\/\/atecordoba.org\/index.php?rest_route=\/wp\/v2\/users\/1"}],"replies":[{"embeddable":true,"href":"https:\/\/atecordoba.org\/index.php?rest_route=%2Fwp%2Fv2%2Fcomments&post=10533"}],"version-history":[{"count":1,"href":"https:\/\/atecordoba.org\/index.php?rest_route=\/wp\/v2\/posts\/10533\/revisions"}],"predecessor-version":[{"id":20547,"href":"https:\/\/atecordoba.org\/index.php?rest_route=\/wp\/v2\/posts\/10533\/revisions\/20547"}],"wp:featuredmedia":[{"embeddable":true,"href":"https:\/\/atecordoba.org\/index.php?rest_route=\/wp\/v2\/media\/19220"}],"wp:attachment":[{"href":"https:\/\/atecordoba.org\/index.php?rest_route=%2Fwp%2Fv2%2Fmedia&parent=10533"}],"wp:term":[{"taxonomy":"category","embeddable":true,"href":"https:\/\/atecordoba.org\/index.php?rest_route=%2Fwp%2Fv2%2Fcategories&post=10533"},{"taxonomy":"post_tag","embeddable":true,"href":"https:\/\/atecordoba.org\/index.php?rest_route=%2Fwp%2Fv2%2Ftags&post=10533"}],"curies":[{"name":"wp","href":"https:\/\/api.w.org\/{rel}","templated":true}]}}