{"id":10522,"date":"2018-10-25T12:47:39","date_gmt":"2018-10-25T15:47:39","guid":{"rendered":"http:\/\/www.atecordoba.org\/?p=10522"},"modified":"2018-10-25T12:47:39","modified_gmt":"2018-10-25T15:47:39","slug":"ate-cordoba-repudia-la-represion-policial-y-la-aprobacion-del-presupuesto-de-hambre-de-macri","status":"publish","type":"post","link":"https:\/\/atecordoba.org\/?p=10522","title":{"rendered":"ATE C\u00f3rdoba repudia la represi\u00f3n policial y la aprobaci\u00f3n del presupuesto de hambre de Macri"},"content":{"rendered":"<p><em>Frente a un modelo que solo cierra con hambre y represi\u00f3n, el gobierno de Macri mostr\u00f3 fielmente las dos caras de su gesti\u00f3n que profundiza la violencia econ\u00f3mica aplicada sobre la poblaci\u00f3n.<\/em><\/p>\n<p><img loading=\"lazy\" decoding=\"async\" class=\"aligncenter size-full wp-image-10525\" src=\"http:\/\/www.atecordoba.org\/wp-content\/uploads\/2018\/10\/RECLAMO-DE-LIBERACION-FRENTE-A-LA-COMISARIO-e1540478559618.jpg\" alt=\"\" width=\"550\" height=\"363\"><\/p>\n<p>&nbsp;<\/p>\n<p>El Consejo Directivo Provincial expresa su total y absoluto repudio a la represi\u00f3n sufrida por los trabajadores movilizados ayer, que rechazaban en el exterior del Congreso Nacional el Presupuesto de ajuste que el gobierno macrista logr\u00f3 sancionar en diputados, en complicidad con el Pj de la mayor\u00eda de las provincias, incluida C\u00f3rdoba.<\/p>\n<p>El saldo de la represi\u00f3n fue de 27 compa\u00f1eros detenidos, 11 de los cuales integraron ayer las columnas de ATE. Reci\u00e9n alrededor de las 2.30 de la madrugada, fueron liberados los compa\u00f1eros gracias a la gesti\u00f3n de nuestra conducci\u00f3n y los equipos jur\u00eddicos de ATE y CTA-A.<\/p>\n<figure id=\"attachment_10524\" aria-describedby=\"caption-attachment-10524\" style=\"width: 359px\" class=\"wp-caption aligncenter\"><img loading=\"lazy\" decoding=\"async\" class=\"wp-image-10524 size-full\" src=\"http:\/\/www.atecordoba.org\/wp-content\/uploads\/2018\/10\/Los-compa\u00f1eros-Mauricio-Magliano-y-Humberto-Aignasi-del-Astillero-R\u00edo-Santiago-fueron-salvajemente-reprimidos-por-la-polic\u00eda.jpg\" alt=\"\" width=\"359\" height=\"633\"><figcaption id=\"caption-attachment-10524\" class=\"wp-caption-text\">Los compa\u00f1eros Mauricio Magliano y Humberto Aignasi, del Astillero R\u00edo Santiago fueron salvajemente reprimidos por la polic\u00eda.<\/figcaption><\/figure>\n<p>Durante toda la tarde la represi\u00f3n policial a disparo limpio, gases lacrim\u00f3genos y las detenciones indiscriminadas sirvieron al prop\u00f3sito oficial de correr los ejes de discusi\u00f3n que debieron estar centrados en el propio presupuesto y la masiva movilizaci\u00f3n en su rechazo.<\/p>\n<p>Trasladar las responsabilidades a las organizaciones que, con suma responsabilidad para cuidar a nuestros propios compa\u00f1eras y compa\u00f1eros, venimos sosteniendo el plan de lucha contra el ajuste es otra forma de cinismo, al igual que generalizar las actitudes violentas de algunos muy pocos marginales pol\u00edticos, sin incidencia en la construcci\u00f3n de la resistencia popular al FMI y el desguace del Estado.<\/p>\n<p><img loading=\"lazy\" decoding=\"async\" class=\"aligncenter size-full wp-image-10528\" src=\"http:\/\/www.atecordoba.org\/wp-content\/uploads\/2018\/10\/REPRESION-BS-AS-1-e1540482413756.jpg\" alt=\"\" width=\"550\" height=\"367\"><\/p>\n<p>&nbsp;<\/p>\n<p>&nbsp;<\/p>\n<p>En consecuencia, hacemos responsables a Macri y su gobierno de generar la situaci\u00f3n y de buscar el peor camino para resolverla.&nbsp;<\/p>\n<p><strong>La media sanci\u00f3n<\/strong><\/p>\n<p>A su vez, la aprobaci\u00f3n en diputados del proyecto de presupuesto supone un duro ajuste en todo el \u00e1mbito del Estado, salvo en el pago de los intereses de la deuda -que est\u00e1 garantizado-, que profundiza el desguace, afectando \u00e1reas de fuerte impacto en los servicios y derechos que deben tener garantizada la poblaci\u00f3n.<\/p>\n<p>&nbsp;<\/p>\n<p>En C\u00f3rdoba, la Direcci\u00f3n General de Fabricaciones Militares, el INTI, la Subsecretar\u00eda de Agricultura Familiar, SENASA, ANAC y Conicet, entre otras, han sufrido el abandono presupuestario, cesant\u00edas constantes y amenazas de parte de los funcionarios sobre nuestros dirigentes gremiales por resistir toda esta situaci\u00f3n.<\/p>\n<p>Como resumi\u00f3 Hugo Cachorro Godoy, secretario General de ATE: &#8220;esto s\u00f3lo se explica por la intenci\u00f3n de Macri y Bullrich de generar miedo en la poblaci\u00f3n. Pero no lo van a lograr. Este pueblo va a pelear por una Patria con trabajo, producci\u00f3n, soberan\u00eda y justicia social&#8221;.<\/p>\n<p>A su vez, la secretaria General de ATE C\u00f3rdoba, Liliana Salerno, sostuvo que \u201cnuestro gremio seguir\u00e1 luchando por la defensa de la soberan\u00eda nacional, los derechos de los trabajadores y la producci\u00f3n industrial, estando en la calle las veces que sea necesario\u201d.<\/p>\n","protected":false},"excerpt":{"rendered":"<p>Frente a un modelo que solo cierra con hambre y represi\u00f3n, el gobierno de Macri mostr\u00f3 fielmente las dos caras de su gesti\u00f3n que profundiza la violencia econ\u00f3mica aplicada sobre la poblaci\u00f3n. &nbsp; El Consejo Directivo Provincial expresa su total y absoluto repudio a la represi\u00f3n sufrida por los trabajadores movilizados ayer, que rechazaban en [&hellip;]<\/p>\n","protected":false},"author":1,"featured_media":19220,"comment_status":"open","ping_status":"open","sticky":false,"template":"","format":"standard","meta":{"_exactmetrics_skip_tracking":false,"_exactmetrics_sitenote_active":false,"_exactmetrics_sitenote_note":"","_exactmetrics_sitenote_category":0,"jnews-multi-image_gallery":[],"jnews_single_post":[],"jnews_primary_category":[],"jnews_social_meta":[],"jnews_review":[],"enable_review":"","type":"","name":"","summary":"","brand":"","sku":"","good":[],"bad":[],"score_override":"","override_value":"","rating":[],"price":[],"jnews_override_counter":[],"jnews_post_split":[],"footnotes":""},"categories":[21],"tags":[],"class_list":["post-10522","post","type-post","status-publish","format-standard","has-post-thumbnail","hentry","category-paro-nacional"],"jetpack_featured_media_url":"https:\/\/atecordoba.org\/wp-content\/uploads\/2020\/05\/logo-nuevochico-e1561581322808.png","_links":{"self":[{"href":"https:\/\/atecordoba.org\/index.php?rest_route=\/wp\/v2\/posts\/10522","targetHints":{"allow":["GET"]}}],"collection":[{"href":"https:\/\/atecordoba.org\/index.php?rest_route=\/wp\/v2\/posts"}],"about":[{"href":"https:\/\/atecordoba.org\/index.php?rest_route=\/wp\/v2\/types\/post"}],"author":[{"embeddable":true,"href":"https:\/\/atecordoba.org\/index.php?rest_route=\/wp\/v2\/users\/1"}],"replies":[{"embeddable":true,"href":"https:\/\/atecordoba.org\/index.php?rest_route=%2Fwp%2Fv2%2Fcomments&post=10522"}],"version-history":[{"count":0,"href":"https:\/\/atecordoba.org\/index.php?rest_route=\/wp\/v2\/posts\/10522\/revisions"}],"wp:featuredmedia":[{"embeddable":true,"href":"https:\/\/atecordoba.org\/index.php?rest_route=\/wp\/v2\/media\/19220"}],"wp:attachment":[{"href":"https:\/\/atecordoba.org\/index.php?rest_route=%2Fwp%2Fv2%2Fmedia&parent=10522"}],"wp:term":[{"taxonomy":"category","embeddable":true,"href":"https:\/\/atecordoba.org\/index.php?rest_route=%2Fwp%2Fv2%2Fcategories&post=10522"},{"taxonomy":"post_tag","embeddable":true,"href":"https:\/\/atecordoba.org\/index.php?rest_route=%2Fwp%2Fv2%2Ftags&post=10522"}],"curies":[{"name":"wp","href":"https:\/\/api.w.org\/{rel}","templated":true}]}}