{"id":10514,"date":"2018-10-24T16:22:07","date_gmt":"2018-10-24T19:22:07","guid":{"rendered":"http:\/\/www.atecordoba.org\/?p=10514"},"modified":"2018-10-24T16:22:07","modified_gmt":"2018-10-24T19:22:07","slug":"ate-se-movilizo-en-cordoba-contra-la-aprobacion-del-presupuesto-nacional","status":"publish","type":"post","link":"https:\/\/atecordoba.org\/?p=10514","title":{"rendered":"ATE se moviliz\u00f3 en C\u00f3rdoba contra la aprobaci\u00f3n del presupuesto nacional"},"content":{"rendered":"<p><em>En el marco del paro nacional resuelto por nuestra organizaci\u00f3n en todo el pa\u00eds, el Consejo Directivo Provincial se moviliz\u00f3 junto a gremios y organizaciones sociales, frente al Patio Olmos.<\/em><\/p>\n<p><img loading=\"lazy\" decoding=\"async\" class=\"aligncenter size-full wp-image-10519\" src=\"http:\/\/www.atecordoba.org\/wp-content\/uploads\/2018\/10\/1.png\" alt=\"\" width=\"550\" height=\"412\"><\/p>\n<p>&nbsp;<\/p>\n<p>En concordancia con la medida de fuerza convocada por ATE y la CTA-A, ATE C\u00f3rdoba se moviliz\u00f3 para repudiar el Presupuesto Nacional que el gobierno de Mauricio Macri acord\u00f3 con la FMI, a los fines de profundizar un amplio programa de ajuste en el Estado nacional.<\/p>\n<p><img loading=\"lazy\" decoding=\"async\" class=\"aligncenter size-full wp-image-10520\" src=\"http:\/\/www.atecordoba.org\/wp-content\/uploads\/2018\/10\/2.png\" alt=\"\" width=\"300\" height=\"400\"><\/p>\n<p>Desde&nbsp; ATE repudiamos este presupuesto que condena al hambre y la miseria al conjunto de nuestro pueblo y, en funci\u00f3n de ello, damos continuidad al plan de lucha contra este modelo econ\u00f3mico.&nbsp;<\/p>\n<p>Nuestra columna parti\u00f3 desde la sede de ATE, encabezada por la secretaria General Liliana Salerno, junto al resto del secretariado y compa\u00f1eros de diversos organismos nacionales y provinciales.<\/p>\n<p><img loading=\"lazy\" decoding=\"async\" class=\"aligncenter size-full wp-image-10517\" src=\"http:\/\/www.atecordoba.org\/wp-content\/uploads\/2018\/10\/IMG-20181024-WA0039-e1540408689575.jpg\" alt=\"\" width=\"550\" height=\"413\"><\/p>\n<p>ATE confluy\u00f3 junto a distintas organizaciones en la plaza Agustin Tosco, en pleno centro de C\u00f3rdoba Capital, donde se congreg\u00f3 una gran multitud, con consignas que hicieron sentir el rechazo al plan del gobierno nacional, y haciendo extensivo su rechazo al gobierno provincial, cuyos legisladores se comprometieron a apoyar el proyecto de ley macrista.&nbsp;<\/p>\n<p><img loading=\"lazy\" decoding=\"async\" class=\"aligncenter size-full wp-image-10516\" src=\"http:\/\/www.atecordoba.org\/wp-content\/uploads\/2018\/10\/IMG-20181024-WA0032-e1540408649314.jpg\" alt=\"\" width=\"550\" height=\"310\"><\/p>\n<p>&#8220;Los que quieran aprobar este presupuesto que se hagan cargo, porque lo van a pagar bien caro. No se lo vamos a dejar pasar esta vez&#8221;, declar\u00f3 Salerno a la prensa.&nbsp;<\/p>\n<p><img loading=\"lazy\" decoding=\"async\" class=\"aligncenter size-full wp-image-10518\" src=\"http:\/\/www.atecordoba.org\/wp-content\/uploads\/2018\/10\/IMG-20181024-WA0042-e1540408705255.jpg\" alt=\"\" width=\"550\" height=\"413\"><\/p>\n<p>Y agreg\u00f3, respecto a versiones sobre un posible paro general para el mes de noviembre: &#8220;nosotros vamos a acompa\u00f1ar, sobre todo porque necesitamos protestar contra este modelo, en un marco de unidad en la calle. Veremos si los compa\u00f1eros de la CGT toman la decisi\u00f3n de apoyar esta medida&#8221;.<\/p>\n<p>&nbsp;<\/p>\n","protected":false},"excerpt":{"rendered":"<p>En el marco del paro nacional resuelto por nuestra organizaci\u00f3n en todo el pa\u00eds, el Consejo Directivo Provincial se moviliz\u00f3 junto a gremios y organizaciones sociales, frente al Patio Olmos. &nbsp; En concordancia con la medida de fuerza convocada por ATE y la CTA-A, ATE C\u00f3rdoba se moviliz\u00f3 para repudiar el Presupuesto Nacional que el [&hellip;]<\/p>\n","protected":false},"author":1,"featured_media":19220,"comment_status":"open","ping_status":"open","sticky":false,"template":"","format":"standard","meta":{"_exactmetrics_skip_tracking":false,"_exactmetrics_sitenote_active":false,"_exactmetrics_sitenote_note":"","_exactmetrics_sitenote_category":0,"jnews-multi-image_gallery":[],"jnews_single_post":[],"jnews_primary_category":[],"jnews_social_meta":[],"jnews_review":[],"enable_review":"","type":"","name":"","summary":"","brand":"","sku":"","good":[],"bad":[],"score_override":"","override_value":"","rating":[],"price":[],"jnews_override_counter":[],"jnews_post_split":[],"footnotes":""},"categories":[21],"tags":[],"class_list":["post-10514","post","type-post","status-publish","format-standard","has-post-thumbnail","hentry","category-paro-nacional"],"jetpack_featured_media_url":"https:\/\/atecordoba.org\/wp-content\/uploads\/2020\/05\/logo-nuevochico-e1561581322808.png","_links":{"self":[{"href":"https:\/\/atecordoba.org\/index.php?rest_route=\/wp\/v2\/posts\/10514","targetHints":{"allow":["GET"]}}],"collection":[{"href":"https:\/\/atecordoba.org\/index.php?rest_route=\/wp\/v2\/posts"}],"about":[{"href":"https:\/\/atecordoba.org\/index.php?rest_route=\/wp\/v2\/types\/post"}],"author":[{"embeddable":true,"href":"https:\/\/atecordoba.org\/index.php?rest_route=\/wp\/v2\/users\/1"}],"replies":[{"embeddable":true,"href":"https:\/\/atecordoba.org\/index.php?rest_route=%2Fwp%2Fv2%2Fcomments&post=10514"}],"version-history":[{"count":0,"href":"https:\/\/atecordoba.org\/index.php?rest_route=\/wp\/v2\/posts\/10514\/revisions"}],"wp:featuredmedia":[{"embeddable":true,"href":"https:\/\/atecordoba.org\/index.php?rest_route=\/wp\/v2\/media\/19220"}],"wp:attachment":[{"href":"https:\/\/atecordoba.org\/index.php?rest_route=%2Fwp%2Fv2%2Fmedia&parent=10514"}],"wp:term":[{"taxonomy":"category","embeddable":true,"href":"https:\/\/atecordoba.org\/index.php?rest_route=%2Fwp%2Fv2%2Fcategories&post=10514"},{"taxonomy":"post_tag","embeddable":true,"href":"https:\/\/atecordoba.org\/index.php?rest_route=%2Fwp%2Fv2%2Ftags&post=10514"}],"curies":[{"name":"wp","href":"https:\/\/api.w.org\/{rel}","templated":true}]}}