{"id":1051,"date":"2010-12-02T03:33:16","date_gmt":"2010-12-02T06:33:16","guid":{"rendered":"http:\/\/www.atecordoba.org\/?p=1051"},"modified":"2010-12-02T03:33:16","modified_gmt":"2010-12-02T06:33:16","slug":"ate-rechaza-el-bono-navideno","status":"publish","type":"post","link":"https:\/\/atecordoba.org\/?p=1051","title":{"rendered":"ATE rechaza el bono navide\u00f1o"},"content":{"rendered":"<p style=\"text-align: justify;\">Comunicado de prensa 30-11-2010<\/p>\n<h3 style=\"text-align: justify;\"><strong>Bono navide\u00f1o, otro subsidio al salario<\/strong><\/h3>\n<p style=\"text-align: justify;\">Ante los anuncios hechos por el gobernador, desde ATE rechazamos el bono plus de fin de a\u00f1o ya que configura un nuevo subsidio al magro salario de los trabajadores de la administraci\u00f3n p\u00fablica.<\/p>\n<p style=\"text-align: justify;\">En ese sentido, queda claro, adem\u00e1s, que la medida discrimina al trabajador pasivo del activo, al cobrar unos 250 y otros 400. Cabe preguntarse en base a qu\u00e9 criterio el gobierno establece esa diferencia. Porque dicho bono tampoco cobre, en el caso de los jubilados el 82% de lo que percibe el trabajador en actividad, sino que apenas supera el 62% de lo que recibir\u00e1 el activo.<\/p>\n<p style=\"text-align: justify;\">Desde ATE reclamamos que cualquier recomposici\u00f3n salarial debe reflejarse en el sueldo b\u00e1sico, sin la trampa de lo remunerativo o no remunerativo ya que este tipo de pagos, instrumentados de manera viciosa y compulsiva, contin\u00faa desfinanciando la Caja de Jubilaciones y el Apross, en una muestra m\u00e1s que recursos hay pero se destinan a otros objetivos.<\/p>\n<p style=\"text-align: justify;\">Al salario lo fijan las necesidades del trabajador y de su familia<\/p>\n<p style=\"text-align: justify;\">Mar\u00eda Teresa Romero Secretaria General ATE C\u00f3rdoba<\/p>\n<p style=\"text-align: justify;\">Contactos de prensa Daniel Pawluchuzk 0351-156297240<\/p>\n","protected":false},"excerpt":{"rendered":"<p>Comunicado de prensa 30-11-2010 Bono navide\u00f1o, otro subsidio al salario Ante los anuncios hechos por el gobernador, desde ATE rechazamos el bono plus de fin de a\u00f1o ya que configura un nuevo subsidio al magro salario de los trabajadores de la administraci\u00f3n p\u00fablica. En ese sentido, queda claro, adem\u00e1s, que la medida discrimina al trabajador [&hellip;]<\/p>\n","protected":false},"author":1,"featured_media":19220,"comment_status":"open","ping_status":"open","sticky":false,"template":"","format":"standard","meta":{"_exactmetrics_skip_tracking":false,"_exactmetrics_sitenote_active":false,"_exactmetrics_sitenote_note":"","_exactmetrics_sitenote_category":0,"jnews-multi-image_gallery":[],"jnews_single_post":[],"jnews_primary_category":[],"jnews_social_meta":[],"jnews_review":[],"enable_review":"","type":"","name":"","summary":"","brand":"","sku":"","good":[],"bad":[],"score_override":"","override_value":"","rating":[],"price":[],"jnews_override_counter":[],"jnews_post_split":[],"footnotes":""},"categories":[53,8],"tags":[54,11,31],"class_list":["post-1051","post","type-post","status-publish","format-standard","has-post-thumbnail","hentry","category-comunicados-de-prensa","category-provinciales","tag-comunicados-de-prensa-2","tag-noticias-2","tag-provinciales-2"],"jetpack_featured_media_url":"https:\/\/atecordoba.org\/wp-content\/uploads\/2020\/05\/logo-nuevochico-e1561581322808.png","_links":{"self":[{"href":"https:\/\/atecordoba.org\/index.php?rest_route=\/wp\/v2\/posts\/1051","targetHints":{"allow":["GET"]}}],"collection":[{"href":"https:\/\/atecordoba.org\/index.php?rest_route=\/wp\/v2\/posts"}],"about":[{"href":"https:\/\/atecordoba.org\/index.php?rest_route=\/wp\/v2\/types\/post"}],"author":[{"embeddable":true,"href":"https:\/\/atecordoba.org\/index.php?rest_route=\/wp\/v2\/users\/1"}],"replies":[{"embeddable":true,"href":"https:\/\/atecordoba.org\/index.php?rest_route=%2Fwp%2Fv2%2Fcomments&post=1051"}],"version-history":[{"count":0,"href":"https:\/\/atecordoba.org\/index.php?rest_route=\/wp\/v2\/posts\/1051\/revisions"}],"wp:featuredmedia":[{"embeddable":true,"href":"https:\/\/atecordoba.org\/index.php?rest_route=\/wp\/v2\/media\/19220"}],"wp:attachment":[{"href":"https:\/\/atecordoba.org\/index.php?rest_route=%2Fwp%2Fv2%2Fmedia&parent=1051"}],"wp:term":[{"taxonomy":"category","embeddable":true,"href":"https:\/\/atecordoba.org\/index.php?rest_route=%2Fwp%2Fv2%2Fcategories&post=1051"},{"taxonomy":"post_tag","embeddable":true,"href":"https:\/\/atecordoba.org\/index.php?rest_route=%2Fwp%2Fv2%2Ftags&post=1051"}],"curies":[{"name":"wp","href":"https:\/\/api.w.org\/{rel}","templated":true}]}}