{"id":10497,"date":"2018-10-22T11:26:48","date_gmt":"2018-10-22T14:26:48","guid":{"rendered":"http:\/\/www.atecordoba.org\/?p=10497"},"modified":"2018-10-22T11:26:48","modified_gmt":"2018-10-22T14:26:48","slug":"plenario-ratifico-paro-de-actividades-el-miercoles-24","status":"publish","type":"post","link":"https:\/\/atecordoba.org\/?p=10497","title":{"rendered":"Plenario ratific\u00f3 paro de actividades el mi\u00e9rcoles 24"},"content":{"rendered":"<p><em>El cuerpo de delegados de ATE C\u00f3rdoba, reunido en plenario el viernes pasado, respald\u00f3 la medida de fuerza decidida a nivel nacional en repudio al presupuesto que Macri pact\u00f3 con el FMI.<\/em><\/p>\n<p><img loading=\"lazy\" decoding=\"async\" class=\"aligncenter size-full wp-image-10498\" src=\"http:\/\/www.atecordoba.org\/wp-content\/uploads\/2018\/10\/banner-paro-24-de-octubre-e1540218373224.jpg\" alt=\"\" width=\"550\" height=\"118\"><\/p>\n<p>La comisi\u00f3n directiva de ATE C\u00f3rdoba, junto a delegados nacionales, provinciales y municipales, debatieron durante varias horas el alcance de la medida en nuestra provincia y ratificaron una jornada de lucha con paro y movilizaci\u00f3n para el pr\u00f3ximo mi\u00e9rcoles 24 de octubre.<\/p>\n<p>El plenario dej\u00f3 abierta la convocatoria sobre el lugar y la hora de la movilizaci\u00f3n para coordinar con la CTA Aut\u00f3noma y las organizaciones que la integran, a los fines de consensuar la concentraci\u00f3n.<\/p>\n<p><img loading=\"lazy\" decoding=\"async\" class=\"aligncenter size-full wp-image-10506\" src=\"http:\/\/www.atecordoba.org\/wp-content\/uploads\/2018\/10\/plenario-19-10.png\" alt=\"\" width=\"550\" height=\"412\"><\/p>\n<p>Motiva la medida de fuerza el rechazo al presupuesto de ajuste en el Estado que plantea el macrismo, en acuerdo con los gobernadores, con extendidos recortes financieros en \u00e1reas sensibles para la atenci\u00f3n de la poblaci\u00f3n m\u00e1s vulnerable, como salud, educaci\u00f3n y ciencia y tecnolog\u00eda (entre otros), la confirmaci\u00f3n de la p\u00e9rdida de poder adquisitivo de los salarios de los estatales -como sucede desde el inicio de la actual gesti\u00f3n-, y en reclamo de la reincorporaci\u00f3n de los despedidos y el fin de las cesant\u00edas en todos los organismos del Estado.<\/p>\n<p><img loading=\"lazy\" decoding=\"async\" class=\"aligncenter size-full wp-image-10504\" src=\"http:\/\/www.atecordoba.org\/wp-content\/uploads\/2018\/10\/plenario-19-10_2.png\" alt=\"\" width=\"550\" height=\"412\"><\/p>\n<p>Estos ajustes son consecuencia de una pol\u00edtica econ\u00f3mica nefasta para los intereses nacionales, de endeudamiento y especulaci\u00f3n financiera, que deriva la mayor\u00eda de los recursos del Estado al pago de intereses de la deuda externa en vez de priorizar la necesidades del pueblo.<\/p>\n<p><img loading=\"lazy\" decoding=\"async\" class=\"aligncenter size-full wp-image-10505\" src=\"http:\/\/www.atecordoba.org\/wp-content\/uploads\/2018\/10\/plenario-19-10_3.png\" alt=\"\" width=\"550\" height=\"412\"><\/p>\n<p>El consejo nacional de ATE se movilizar\u00e1 al Congreso conjuntamente con otras organizaciones hermanas para llevar a cabo la protesta.<\/p>\n<p style=\"text-align: right;\">Liliana Salerno<\/p>\n<p style=\"text-align: right;\">Secretaria General<\/p>\n","protected":false},"excerpt":{"rendered":"<p>El cuerpo de delegados de ATE C\u00f3rdoba, reunido en plenario el viernes pasado, respald\u00f3 la medida de fuerza decidida a nivel nacional en repudio al presupuesto que Macri pact\u00f3 con el FMI. La comisi\u00f3n directiva de ATE C\u00f3rdoba, junto a delegados nacionales, provinciales y municipales, debatieron durante varias horas el alcance de la medida en [&hellip;]<\/p>\n","protected":false},"author":1,"featured_media":19220,"comment_status":"open","ping_status":"open","sticky":false,"template":"","format":"standard","meta":{"_exactmetrics_skip_tracking":false,"_exactmetrics_sitenote_active":false,"_exactmetrics_sitenote_note":"","_exactmetrics_sitenote_category":0,"jnews-multi-image_gallery":[],"jnews_single_post":[],"jnews_primary_category":[],"jnews_social_meta":[],"jnews_review":[],"enable_review":"","type":"","name":"","summary":"","brand":"","sku":"","good":[],"bad":[],"score_override":"","override_value":"","rating":[],"price":[],"jnews_override_counter":[],"jnews_post_split":[],"footnotes":""},"categories":[21],"tags":[],"class_list":["post-10497","post","type-post","status-publish","format-standard","has-post-thumbnail","hentry","category-paro-nacional"],"jetpack_featured_media_url":"https:\/\/atecordoba.org\/wp-content\/uploads\/2020\/05\/logo-nuevochico-e1561581322808.png","_links":{"self":[{"href":"https:\/\/atecordoba.org\/index.php?rest_route=\/wp\/v2\/posts\/10497","targetHints":{"allow":["GET"]}}],"collection":[{"href":"https:\/\/atecordoba.org\/index.php?rest_route=\/wp\/v2\/posts"}],"about":[{"href":"https:\/\/atecordoba.org\/index.php?rest_route=\/wp\/v2\/types\/post"}],"author":[{"embeddable":true,"href":"https:\/\/atecordoba.org\/index.php?rest_route=\/wp\/v2\/users\/1"}],"replies":[{"embeddable":true,"href":"https:\/\/atecordoba.org\/index.php?rest_route=%2Fwp%2Fv2%2Fcomments&post=10497"}],"version-history":[{"count":0,"href":"https:\/\/atecordoba.org\/index.php?rest_route=\/wp\/v2\/posts\/10497\/revisions"}],"wp:featuredmedia":[{"embeddable":true,"href":"https:\/\/atecordoba.org\/index.php?rest_route=\/wp\/v2\/media\/19220"}],"wp:attachment":[{"href":"https:\/\/atecordoba.org\/index.php?rest_route=%2Fwp%2Fv2%2Fmedia&parent=10497"}],"wp:term":[{"taxonomy":"category","embeddable":true,"href":"https:\/\/atecordoba.org\/index.php?rest_route=%2Fwp%2Fv2%2Fcategories&post=10497"},{"taxonomy":"post_tag","embeddable":true,"href":"https:\/\/atecordoba.org\/index.php?rest_route=%2Fwp%2Fv2%2Ftags&post=10497"}],"curies":[{"name":"wp","href":"https:\/\/api.w.org\/{rel}","templated":true}]}}