{"id":10487,"date":"2018-10-16T15:14:28","date_gmt":"2018-10-16T18:14:28","guid":{"rendered":"http:\/\/www.atecordoba.org\/?p=10487"},"modified":"2018-10-16T15:14:28","modified_gmt":"2018-10-16T18:14:28","slug":"la-justicia-ordena-a-la-provincia-a-resintalar-a-los-delegados-de-la-senaf","status":"publish","type":"post","link":"https:\/\/atecordoba.org\/?p=10487","title":{"rendered":"La Justicia ordena a la Provincia a reinstalar a los delegados de la Senaf"},"content":{"rendered":"<p><em>Se trata de una cautelar que el gobierno provincial se negaba a cumplir desde mediados de septiembre. La Senaf se encuentra dentro del \u00e1mbito del Ministerio de Justicia y Derechos Humanos, donde los delegados de ATE vienen sufriendo persecuci\u00f3n por su representaci\u00f3n gremial.<\/em><\/p>\n<figure id=\"attachment_10488\" aria-describedby=\"caption-attachment-10488\" style=\"width: 550px\" class=\"wp-caption aligncenter\"><img loading=\"lazy\" decoding=\"async\" class=\"wp-image-10488 size-full\" src=\"http:\/\/www.atecordoba.org\/wp-content\/uploads\/2018\/10\/102-e1539713002910.jpg\" alt=\"\" width=\"550\" height=\"367\"><figcaption id=\"caption-attachment-10488\" class=\"wp-caption-text\">Los de delegados de ATE, Cabral y Espinosa, durante una protesta frente al Ministerio de Justicia.<\/figcaption><\/figure>\n<p>El juez de primera instancia Carlos Moroni orden\u00f3 que el Ministerio de Justicia y Derechos Humanos, a cargo de Luis Angulo, resinstale de manera plena a los delegados de ATE Romina Espinosa y Humberto Cabral en las dependencias de la L\u00ednea de atenci\u00f3n telef\u00f3nica 102, que se ocupa de atender la demanda de vulneraci\u00f3n de derechos de ni\u00f1os, ni\u00f1as y adolescentes en C\u00f3rdoba, en la Senaf.<\/p>\n<p>La resoluci\u00f3n hace referencia a una cautelar de mediados de septiembre que el Ministerio se negaba a cumplir y que en consecuencia ahora lo obligar\u00e1 pagar una multa por el incumplimiento.<\/p>\n<p>Adem\u00e1s, el juez orden\u00f3 que se le restituyan a los compa\u00f1eros delegados los descuentos en sus salarios que le realiz\u00f3 indebidamente la Senaf, as\u00ed como todas las medidas disciplinarias aplicadas de manera arbitraria, as\u00ed como cualquier otra medida del mismo tipo en el futuro.<\/p>\n<p>Los delegados ven\u00edan realizando&nbsp;reclamos por las p\u00e9simas condiciones de trabajo en el servicio 102, el \u00e1rea fue trasladada de la oficina original a un lugar que no re\u00fane condiciones de higiene y seguridad, por lo que al hacer los planteos correspondientes fueron castigados con el apartamiento de su lugar habitual de trabajo, donde se desempe\u00f1aban desde hace 20 y 13 a\u00f1os respectivamente.<\/p>\n<figure id=\"attachment_10489\" aria-describedby=\"caption-attachment-10489\" style=\"width: 550px\" class=\"wp-caption aligncenter\"><img loading=\"lazy\" decoding=\"async\" class=\"wp-image-10489 size-full\" src=\"http:\/\/www.atecordoba.org\/wp-content\/uploads\/2018\/10\/terragno.png\" alt=\"\" width=\"550\" height=\"412\"><figcaption id=\"caption-attachment-10489\" class=\"wp-caption-text\">La abogada de ATE, Maria Terragno, durante una capacitaci\u00f3n a delegados.<\/figcaption><\/figure>\n<p>Desde ATE valoramos especialmente la convicci\u00f3n de los compa\u00f1eros delegados para hacer valer sus derechos, que hace cumplir con su gran trabajo el equipo de asesoramiento letrado que llev\u00f3 a cabo la abogada Mar\u00eda Terragno.&nbsp;<\/p>\n<p>Ahora es de esperar que el Ministerio de Justicia y Derechos Humanos haga honor al nombre que detenta y cumpla que la resoluci\u00f3n judicial en su conjunto, para que en el futuro no se repitan situaciones de persecusi\u00f3n hac\u00eda los delegados de ATE.&nbsp;<\/p>\n<figure id=\"attachment_10490\" aria-describedby=\"caption-attachment-10490\" style=\"width: 550px\" class=\"wp-caption aligncenter\"><img loading=\"lazy\" decoding=\"async\" class=\"wp-image-10490 size-full\" src=\"http:\/\/www.atecordoba.org\/wp-content\/uploads\/2018\/10\/reinstalacion-de-cabral-y-espinosa-e1539713589144.jpg\" alt=\"\" width=\"550\" height=\"682\"><figcaption id=\"caption-attachment-10490\" class=\"wp-caption-text\">Facs\u00edmil de la resoluci\u00f3n judicial.<\/figcaption><\/figure>\n<p>&nbsp;<\/p>\n","protected":false},"excerpt":{"rendered":"<p>Se trata de una cautelar que el gobierno provincial se negaba a cumplir desde mediados de septiembre. La Senaf se encuentra dentro del \u00e1mbito del Ministerio de Justicia y Derechos Humanos, donde los delegados de ATE vienen sufriendo persecuci\u00f3n por su representaci\u00f3n gremial. El juez de primera instancia Carlos Moroni orden\u00f3 que el Ministerio de [&hellip;]<\/p>\n","protected":false},"author":1,"featured_media":19220,"comment_status":"open","ping_status":"open","sticky":false,"template":"","format":"standard","meta":{"_exactmetrics_skip_tracking":false,"_exactmetrics_sitenote_active":false,"_exactmetrics_sitenote_note":"","_exactmetrics_sitenote_category":0,"jnews-multi-image_gallery":[],"jnews_single_post":[],"jnews_primary_category":[],"jnews_social_meta":[],"jnews_review":[],"enable_review":"","type":"","name":"","summary":"","brand":"","sku":"","good":[],"bad":[],"score_override":"","override_value":"","rating":[],"price":[],"jnews_override_counter":[],"jnews_post_split":[],"footnotes":""},"categories":[97],"tags":[],"class_list":["post-10487","post","type-post","status-publish","format-standard","has-post-thumbnail","hentry","category-senaf"],"jetpack_featured_media_url":"https:\/\/atecordoba.org\/wp-content\/uploads\/2020\/05\/logo-nuevochico-e1561581322808.png","_links":{"self":[{"href":"https:\/\/atecordoba.org\/index.php?rest_route=\/wp\/v2\/posts\/10487","targetHints":{"allow":["GET"]}}],"collection":[{"href":"https:\/\/atecordoba.org\/index.php?rest_route=\/wp\/v2\/posts"}],"about":[{"href":"https:\/\/atecordoba.org\/index.php?rest_route=\/wp\/v2\/types\/post"}],"author":[{"embeddable":true,"href":"https:\/\/atecordoba.org\/index.php?rest_route=\/wp\/v2\/users\/1"}],"replies":[{"embeddable":true,"href":"https:\/\/atecordoba.org\/index.php?rest_route=%2Fwp%2Fv2%2Fcomments&post=10487"}],"version-history":[{"count":0,"href":"https:\/\/atecordoba.org\/index.php?rest_route=\/wp\/v2\/posts\/10487\/revisions"}],"wp:featuredmedia":[{"embeddable":true,"href":"https:\/\/atecordoba.org\/index.php?rest_route=\/wp\/v2\/media\/19220"}],"wp:attachment":[{"href":"https:\/\/atecordoba.org\/index.php?rest_route=%2Fwp%2Fv2%2Fmedia&parent=10487"}],"wp:term":[{"taxonomy":"category","embeddable":true,"href":"https:\/\/atecordoba.org\/index.php?rest_route=%2Fwp%2Fv2%2Fcategories&post=10487"},{"taxonomy":"post_tag","embeddable":true,"href":"https:\/\/atecordoba.org\/index.php?rest_route=%2Fwp%2Fv2%2Ftags&post=10487"}],"curies":[{"name":"wp","href":"https:\/\/api.w.org\/{rel}","templated":true}]}}