{"id":10484,"date":"2018-10-16T13:20:22","date_gmt":"2018-10-16T16:20:22","guid":{"rendered":"http:\/\/www.atecordoba.org\/?p=10484"},"modified":"2018-10-16T13:20:22","modified_gmt":"2018-10-16T16:20:22","slug":"convocatoria-contra-el-presupuesto-de-macri-y-el-fmi","status":"publish","type":"post","link":"https:\/\/atecordoba.org\/?p=10484","title":{"rendered":"Convocatoria contra el Presupuesto de Macri y el FMI"},"content":{"rendered":"<p><em>Organizaciones gremiales y sociales se convocan para movilizar el d\u00eda que el Congreso intente aprobar el Presupuesto enviado por el Gobierno.<\/em><\/p>\n<p><img loading=\"lazy\" decoding=\"async\" class=\"aligncenter size-full wp-image-10485\" src=\"http:\/\/www.atecordoba.org\/wp-content\/uploads\/2018\/10\/org-contra-el-presupuesto-e1539706791932.jpg\" alt=\"\" width=\"550\" height=\"367\"><\/p>\n<p style=\"font-weight: 400;\">Organizaciones gremiales y sociales convocaron a todo el pueblo a movilizarnos juntos\/as&nbsp;a lo largo del pa\u00eds el d\u00eda que el Congreso de la Naci\u00f3n lleve adelante el tratamiento de Proyecto del Presupuesto Nacional 2019.&nbsp;<\/p>\n<p>La convocatoria lleva al firma de importantes dirigentes del campo popular como Hugo Godoy, de nuestra ATE, Juan Carlos Schmid (Fempinra), Esteban Castro (CTEP), Daniel Yofra (Federaci\u00f3n de Aceiteros), Ricardo Peidro (AAPM), Juan Carlos Alderete (CCC), Luis CAceres (UOLRA), Luis Tiscornia (Conadu-H), Daniel Men\u00e9ndez (Barrios de Pie), Fernando Dondero (Sipreba), Jorge Yabkowsky (Fesprosa), Omar Giuliani (Fenat) y Juan Pablo Rey (Juventud Sindical).&nbsp;<\/p>\n<p style=\"font-weight: 400;\">En un comunicado emitido conjuntamente, los firmantes afirmaron que &#8220;como ya lo hemos manifestado en varias oportunidades, tenemos que evitar que el Presupuesto sea aprobado porque ser\u00eda convalidar el nefasto acuerdo con el Fondo Monetario Internacional, y obligar al Gobierno a que presente otro que promueva&nbsp;el trabajo, la producci\u00f3n y la soberan\u00eda&#8221;.<\/p>\n<p style=\"font-weight: 400;\">&#8220;El Presupuesto 2019 expone el m\u00e1s absoluto fracaso de la gesti\u00f3n Cambiemos para mejorar las condiciones de vida de los\/as argentinos\/as&nbsp; e implica el mayor ajuste de la historia dise\u00f1ado por el FMI.&nbsp;El PBI que nos va a dejar Macri&nbsp; es inferior al que el recibiera en el 2015&nbsp; y en t\u00e9rminos de riqueza por habitante, la destrucci\u00f3n es a\u00fan mayor. Esto se agrava ya que la inflaci\u00f3n estimativa para este a\u00f1o no ser\u00e1 menor al 45% y en promedio de toda la gesti\u00f3n ser\u00eda como m\u00ednimo de un 32,5% anual&#8221;, agrega la convocatoria.<\/p>\n<p style=\"font-weight: 400;\">Por \u00faltimo, las organizaciones destacaron que &#8220;fundamentalmente, el rasgo central que define al Presupuesto Nacional es el Ajuste que pretende realizar el Gobierno sobre las cuentas fiscales, que recae esencialmente sobre la obra p\u00fablica, las provincias y el gasto social&#8221;.<\/p>\n","protected":false},"excerpt":{"rendered":"<p>Organizaciones gremiales y sociales se convocan para movilizar el d\u00eda que el Congreso intente aprobar el Presupuesto enviado por el Gobierno. Organizaciones gremiales y sociales convocaron a todo el pueblo a movilizarnos juntos\/as&nbsp;a lo largo del pa\u00eds el d\u00eda que el Congreso de la Naci\u00f3n lleve adelante el tratamiento de Proyecto del Presupuesto Nacional 2019.&nbsp; [&hellip;]<\/p>\n","protected":false},"author":1,"featured_media":19220,"comment_status":"open","ping_status":"open","sticky":false,"template":"","format":"standard","meta":{"_exactmetrics_skip_tracking":false,"_exactmetrics_sitenote_active":false,"_exactmetrics_sitenote_note":"","_exactmetrics_sitenote_category":0,"jnews-multi-image_gallery":[],"jnews_single_post":[],"jnews_primary_category":[],"jnews_social_meta":[],"jnews_review":[],"enable_review":"","type":"","name":"","summary":"","brand":"","sku":"","good":[],"bad":[],"score_override":"","override_value":"","rating":[],"price":[],"jnews_override_counter":[],"jnews_post_split":[],"footnotes":""},"categories":[10],"tags":[],"class_list":["post-10484","post","type-post","status-publish","format-standard","has-post-thumbnail","hentry","category-accion-politica"],"jetpack_featured_media_url":"https:\/\/atecordoba.org\/wp-content\/uploads\/2020\/05\/logo-nuevochico-e1561581322808.png","_links":{"self":[{"href":"https:\/\/atecordoba.org\/index.php?rest_route=\/wp\/v2\/posts\/10484","targetHints":{"allow":["GET"]}}],"collection":[{"href":"https:\/\/atecordoba.org\/index.php?rest_route=\/wp\/v2\/posts"}],"about":[{"href":"https:\/\/atecordoba.org\/index.php?rest_route=\/wp\/v2\/types\/post"}],"author":[{"embeddable":true,"href":"https:\/\/atecordoba.org\/index.php?rest_route=\/wp\/v2\/users\/1"}],"replies":[{"embeddable":true,"href":"https:\/\/atecordoba.org\/index.php?rest_route=%2Fwp%2Fv2%2Fcomments&post=10484"}],"version-history":[{"count":0,"href":"https:\/\/atecordoba.org\/index.php?rest_route=\/wp\/v2\/posts\/10484\/revisions"}],"wp:featuredmedia":[{"embeddable":true,"href":"https:\/\/atecordoba.org\/index.php?rest_route=\/wp\/v2\/media\/19220"}],"wp:attachment":[{"href":"https:\/\/atecordoba.org\/index.php?rest_route=%2Fwp%2Fv2%2Fmedia&parent=10484"}],"wp:term":[{"taxonomy":"category","embeddable":true,"href":"https:\/\/atecordoba.org\/index.php?rest_route=%2Fwp%2Fv2%2Fcategories&post=10484"},{"taxonomy":"post_tag","embeddable":true,"href":"https:\/\/atecordoba.org\/index.php?rest_route=%2Fwp%2Fv2%2Ftags&post=10484"}],"curies":[{"name":"wp","href":"https:\/\/api.w.org\/{rel}","templated":true}]}}