{"id":10481,"date":"2018-10-16T12:56:09","date_gmt":"2018-10-16T15:56:09","guid":{"rendered":"http:\/\/www.atecordoba.org\/?p=10481"},"modified":"2018-10-16T12:56:09","modified_gmt":"2018-10-16T15:56:09","slug":"clate-sindicatos-de-ocho-paises-debatieron-sobre-comunicacion-desde-la-perspectiva-de-los-estatales","status":"publish","type":"post","link":"https:\/\/atecordoba.org\/?p=10481","title":{"rendered":"CLATE: sindicatos de ocho pa\u00edses debatieron sobre comunicaci\u00f3n desde la perspectiva de los estatales"},"content":{"rendered":"<p><em>Participaron m\u00e1s de 50 integrantes de equipos de comunicaci\u00f3n de gremios estatales de Uruguay, Brasil, Paraguay, Chile, Per\u00fa, Colombia, M\u00e9xico y Argentina.<\/em><\/p>\n<p><img loading=\"lazy\" decoding=\"async\" class=\"aligncenter size-full wp-image-10482\" src=\"http:\/\/www.atecordoba.org\/wp-content\/uploads\/2018\/10\/clate-encuentro-comunicacion-e1539705309652.jpg\" alt=\"\" width=\"550\" height=\"370\"><\/p>\n<p>Compa\u00f1eros de ocho pa\u00edses de Am\u00e9rica Latina y el Caribe participaron la semana pasada en la ciudad de Buenos Aires del Primer Encuentro Continental de Comunicaci\u00f3n, organizado por la &nbsp;Confederaci\u00f3n Latinoamericana y del Caribe de Trabajadores Estatales (CLATE). El evento se llev\u00d3 a cabo en el hotel \u201cH\u00e9ctor Quagliaro\u201d de la Asociaci\u00f3n Trabajadores del Estado (ATE) del 10 al 13 de octubre.<\/p>\n<p>Durante las tres ma\u00f1anas del encuentro, m\u00e1s de 50 participantes realizaron distintos talleres para poner en com\u00fan las experiencias de prensa de cada gremio, as\u00ed como definir una estrategia conjunta de comunicaci\u00f3n para fortalecer el alcance e impacto de las actividades de las organizaciones miembro.<\/p>\n<p>El primer d\u00eda, se realiz\u00f3 el taller \u201cLa comunicaci\u00f3n en los sindicatos. \u00bfPor qu\u00e9 y para qu\u00e9 un \u00e1rea de comunicaci\u00f3n? \u00bfA qui\u00e9nes nos dirigimos?\u201d, que sirvi\u00f3 para abordar cu\u00e1l es la finalidad y los destinatarios de la comunicaci\u00f3n gremial.<\/p>\n<p>En la segunda jornada, la actividad estuvo centrada en reflexionar sobre las distintas herramientas, soportes, discursos y formatos de comunicaci\u00f3n, a trav\u00e9s del taller \u201c\u00bfC\u00f3mo nos comunicamos las organizaciones?\u201d.<\/p>\n<p>El \u00faltimo taller, denominado \u201cHacia una estrategia de comunicaci\u00f3n de la CLATE\u201d, sirvi\u00f3 para que cada organizaci\u00f3n presente sus herramientas de comunicaci\u00f3n y para definir una estrategia de trabajo conjunto entre los equipos de prensa de las organizaciones miembro.<\/p>\n<p><strong>Otras actividades<\/strong><\/p>\n<p>Por las tarde se llevarona&nbsp; cabo diversas actividades para que los compa\u00f1eros, que vinieron de organizaciones hermanas de diversos paises de la regi\u00f3n, se interioricen sobre las herramientas de comunicaci\u00f3n disponibles. En tal sentido se realiz\u00f3 una visita al estudio de \u201cCanal Abierto\u201d, una iniciativa de comunicaci\u00f3n audiovisual al servicio de los trabajadores coordinada por Gladys Stagno e impulsada por la Asociaci\u00f3n Trabajadores del Estado. Tambi\u00e9n se conocieron las oficinas del \u00c1rea de prensa de ATE, que dirige Federico Chechele.<\/p>\n<p>En la segunda jornada, los participantes asistieron a la inauguraci\u00f3n de la muestra fotogr\u00e1fica &#8220;El trabajo y el grito&#8221; de los fot\u00f3grafos Pepe Mateos y Sergio Goya en el patio del Hotel \u201cH\u00e9ctor Quagliaro\u201d. El trabajo fotogr\u00e1fico de Mateos, que trabaj\u00f3 en ATE y despu\u00e9s se dedic\u00f3 a la actividad en diversos medios privados de comunicaci\u00f3n, tom\u00f3 trancendencia nacional cuando fotografi\u00f3 a los policias mientras asesinaban a los militantes sociales Kosteki y Santill\u00e1n durante la represi\u00f3n de una movilizaci\u00f3n en el Puente Pueyrred\u00f3n en 2002. A ra\u00edz de ese trabajo se logr\u00f3 determinar y condenar al comisario autor del crimen y sus subordinados.<\/p>\n<p>Por otro lado, ese mismo d\u00eda, los periodistas Pedro Brieger, director de la Agencia de Noticias de Am\u00e9rica Latina y el Caribe (NODAL), y Carlos Aznarez, director de Resumen Latinoamericano, brindaron una charla para analizar los aportes de las organizaciones sindicales a estas herramientas digitales de informaci\u00f3n.<\/p>\n<p>Para cerrar las actividades del jueves, se proyect\u00f3 el documental \u201cHermanos de sangre, compa\u00f1eros de ideas\u201d, realizado por Andr\u00e9s Cedr\u00f3n y Dar\u00edo Fuentes, sobre la visita del hermano del Che, Juan Mart\u00edn Guevara, a Bolivia, al cumplirse 50 a\u00f1os de su asesinato.<\/p>\n<p>Este viernes por la tarde, los integrantes de las organizaciones de CLATE asistir\u00e1n a una charla dictada por la periodista Natalia Zuazo sobre \u201cComunicaci\u00f3n digital\u201d, en la que se abord\u00f3 la importancia de tener una estrategia digital para la comunicaci\u00f3n pol\u00edtica-sindical.<\/p>\n<p>Por \u00faltimo, se realiz\u00f3 una visita a la f\u00e1brica recuperada IMPA, un proyecto de autogesti\u00f3n de obreros metal\u00fargicos, y se recorrieron las instalaciones de \u201cBarricada TV\u201d, un canal de los trabajadores que transmite por la televisi\u00f3n abierta en la Argentina.<\/p>\n","protected":false},"excerpt":{"rendered":"<p>Participaron m\u00e1s de 50 integrantes de equipos de comunicaci\u00f3n de gremios estatales de Uruguay, Brasil, Paraguay, Chile, Per\u00fa, Colombia, M\u00e9xico y Argentina. Compa\u00f1eros de ocho pa\u00edses de Am\u00e9rica Latina y el Caribe participaron la semana pasada en la ciudad de Buenos Aires del Primer Encuentro Continental de Comunicaci\u00f3n, organizado por la &nbsp;Confederaci\u00f3n Latinoamericana y del [&hellip;]<\/p>\n","protected":false},"author":1,"featured_media":19220,"comment_status":"open","ping_status":"open","sticky":false,"template":"","format":"standard","meta":{"_exactmetrics_skip_tracking":false,"_exactmetrics_sitenote_active":false,"_exactmetrics_sitenote_note":"","_exactmetrics_sitenote_category":0,"jnews-multi-image_gallery":[],"jnews_single_post":[],"jnews_primary_category":[],"jnews_social_meta":[],"jnews_review":[],"enable_review":"","type":"","name":"","summary":"","brand":"","sku":"","good":[],"bad":[],"score_override":"","override_value":"","rating":[],"price":[],"jnews_override_counter":[],"jnews_post_split":[],"footnotes":""},"categories":[129],"tags":[],"class_list":["post-10481","post","type-post","status-publish","format-standard","has-post-thumbnail","hentry","category-clate"],"jetpack_featured_media_url":"https:\/\/atecordoba.org\/wp-content\/uploads\/2020\/05\/logo-nuevochico-e1561581322808.png","_links":{"self":[{"href":"https:\/\/atecordoba.org\/index.php?rest_route=\/wp\/v2\/posts\/10481","targetHints":{"allow":["GET"]}}],"collection":[{"href":"https:\/\/atecordoba.org\/index.php?rest_route=\/wp\/v2\/posts"}],"about":[{"href":"https:\/\/atecordoba.org\/index.php?rest_route=\/wp\/v2\/types\/post"}],"author":[{"embeddable":true,"href":"https:\/\/atecordoba.org\/index.php?rest_route=\/wp\/v2\/users\/1"}],"replies":[{"embeddable":true,"href":"https:\/\/atecordoba.org\/index.php?rest_route=%2Fwp%2Fv2%2Fcomments&post=10481"}],"version-history":[{"count":0,"href":"https:\/\/atecordoba.org\/index.php?rest_route=\/wp\/v2\/posts\/10481\/revisions"}],"wp:featuredmedia":[{"embeddable":true,"href":"https:\/\/atecordoba.org\/index.php?rest_route=\/wp\/v2\/media\/19220"}],"wp:attachment":[{"href":"https:\/\/atecordoba.org\/index.php?rest_route=%2Fwp%2Fv2%2Fmedia&parent=10481"}],"wp:term":[{"taxonomy":"category","embeddable":true,"href":"https:\/\/atecordoba.org\/index.php?rest_route=%2Fwp%2Fv2%2Fcategories&post=10481"},{"taxonomy":"post_tag","embeddable":true,"href":"https:\/\/atecordoba.org\/index.php?rest_route=%2Fwp%2Fv2%2Ftags&post=10481"}],"curies":[{"name":"wp","href":"https:\/\/api.w.org\/{rel}","templated":true}]}}