{"id":10473,"date":"2018-10-08T15:01:09","date_gmt":"2018-10-08T18:01:09","guid":{"rendered":"http:\/\/www.atecordoba.org\/?p=10473"},"modified":"2018-10-08T15:01:09","modified_gmt":"2018-10-08T18:01:09","slug":"ate-cordoba-participo-del-primer-congreso-cuyano-de-ninez-adolescencia-y-discapacidad","status":"publish","type":"post","link":"https:\/\/atecordoba.org\/?p=10473","title":{"rendered":"ATE C\u00f3rdoba particip\u00f3 del Primer Congreso Cuyano de Ni\u00f1ez, Adolescencia y Discapacidad"},"content":{"rendered":"<p><em>Organizado por ATE Mendoza y CTA Mujeres de Mendoza, el encuentro se realiz\u00f3 durante tres d\u00edas con un alto nivel de excelencia profesional, en el que hubo disertaciones de especialistas en los temas disertados.<\/em><\/p>\n<p><img loading=\"lazy\" decoding=\"async\" class=\"aligncenter size-full wp-image-10476\" src=\"http:\/\/www.atecordoba.org\/wp-content\/uploads\/2018\/10\/WhatsApp-Image-2018-10-08-at-11.55.20-e1539022431444.jpeg\" alt=\"\" width=\"550\" height=\"309\"><\/p>\n<p>Se destac\u00f3 una gran participaci\u00f3n de compa\u00f1eros de diversas provincias como Mendoza, San Luis, C\u00f3rdoba, San Juan, Chubut, R\u00edo negro, Tucum\u00e1n, Catamarca y Santiago del Estero. Nuestro Consejo Directivo Provincial particip\u00f3 con una delegaci\u00f3n encabezada por la secretaria General de ATE C\u00f3rdoba, Liliana Salerno.<\/p>\n<p>En la oportunidad, se realizaron talleres con herramientas para la inclusi\u00f3n educativa, de personas con discapacidad, salud mental y adicciones infantilizaci\u00f3n y criminalizaci\u00f3n de la pobreza, derechos del ni\u00f1o, su futuro en sociedades m\u00e1s inclusivas y con perspectivas de g\u00e9nero, el protagonismo infantil y juvenil, una vivencia para adultos comprometidos.<\/p>\n<p>Asimismo se abord\u00f3 problem\u00e1ticas tales como la diabetes infanto-juvenil; &nbsp;situaci\u00f3n de maltrato y abuso sexual con acompa\u00f1amiento desde los derechos humanos; discapacidad en la ni\u00f1ez y adolescencia, sus instituciones y pol\u00edticas de estado abordaje de la familia; embarazos de alto riesgo con pron\u00f3stico de discapacidad; ni\u00f1ez y derechos humanos; leyes y abordaje de la discapacidad como sujetos de derecho; el valor del juego en las infancias actuales; el rol de los ni\u00f1os en los procesos judiciales y su familia; infancias trans, perspectivas y abordaje.<\/p>\n<p><img loading=\"lazy\" decoding=\"async\" class=\"aligncenter size-full wp-image-10479\" src=\"http:\/\/www.atecordoba.org\/wp-content\/uploads\/2018\/10\/WhatsApp-Image-2018-10-08-at-11.57.52-e1539022620416.jpeg\" alt=\"\" width=\"400\" height=\"533\"><\/p>\n<p>&nbsp;<\/p>\n<p>Entre los objetivos generales planteados para el encuentro se apunt\u00f3 a apropiarse de las herramientas para un mejor desempe\u00f1o en las tareas de inclusi\u00f3n y atenci\u00f3n a la diversidad educativa, as\u00ed como resignificar sus pr\u00e1cticas a partir de una mayor comprensi\u00f3n de las discapacidades.<\/p>\n<p>Tambi\u00e9n se destacaron objetivos espec\u00edficos que los especialistas trataron para la capacitaci\u00f3n de los compa\u00f1eros presentes:<\/p>\n<p>&#8211; Descentralizar las construcciones sociales en torno a la discapacidad<\/p>\n<p>&#8211; Visibilizar el lugar social que se les da a las personas con discapacidad<\/p>\n<p>&#8211; Valorar el lugar del docente como agente de cambio<\/p>\n<p>&#8211; Reflexionar en torno a la importancia de la transformaci\u00f3n de las construcciones sociales de la discapacidad<\/p>\n<p>En ese sentido, es importante tener en cuenta la situaci\u00f3n normativa y contextual en que deben atenderse la problem\u00e1ticas descriptas. Por eso se analiz\u00f3 la sanci\u00f3n de las leyes que han provocado la aparici\u00f3n de nuevas realidades en las instituciones educativas, dando significado a transformaciones muy importantes en la estructura y organizaci\u00f3n tradicionales de las escuelas.<\/p>\n<p>Se propiciaron debates, reflexiones y acciones para acompa\u00f1ar a los docentes como agentes de cambio para asumir con preparaci\u00f3n y responsabilidad, los nuevos desaf\u00edos que se les planteen.<\/p>\n<p>\u201cEst\u00e1 manifiesta la necesidad de abrir espacios en donde los maestros y profesores puedan reflexionar y debatir las nuevas problem\u00e1ticas con las que cotidianamente deben enfrentarse, al mismo tiempo que les brinden herramientas te\u00f3ricas y pr\u00e1cticas para el adecuado desempe\u00f1o de sus funciones y para la construcci\u00f3n colectiva de las subjetividades\u201d, valoraron en el balance conjunto del documento del encuentro.<\/p>\n<p>Y agregaron: \u201cesta reflexi\u00f3n subjetiva, permite incorporar las representaciones que sobre la realidad comparten los individuos de la sociedad que forman parte, analizando las discapacidades desde la \u00f3ptica de las representaciones que la sociedad construye sobre ella\u201d.<\/p>\n<p>Por otro lado, desnaturalizar dichas representaciones, un tema fundamental a trabajar con los docentes.<\/p>\n<p>En esa l\u00ednea es imprescindible revisar con ellos los conceptos de moralidad-anormalidad, igualdad-diferencia, que est\u00e1n en la base de todas las representaciones sobre las discapacidades.<\/p>\n<p>Por \u00faltimo considerar de qu\u00e9 manera repercuten esas miradas sociales en la constituci\u00f3n de subjetividades de las personas con discapacidad y como determinan el lugar que ocupan socialmente, para promoverse transformaciones, no solo en la manera que el docente se posiciona frente a un estudiante con alguna discapacidad, sino tambi\u00e9n para que a partir de ese reposicionamiento los maestros como agentes de cambio, puedan contribuir a construcciones que sean saludables e inclusivas.<\/p>\n<p>Hubo momentos de:<\/p>\n<ul>\n<li>Reflexi\u00f3n individual y grupal, en pr\u00e1cticas y percepciones, con t\u00e9cnicas participativas<\/li>\n<li>Desarrollo conceptuales- te\u00f3ricos (exposiciones dialogadas)<\/li>\n<li>Sistematizaci\u00f3n de producciones de los participantes porque es un tema que atraviesa la sociedad y comunidad educativa.<\/li>\n<li>Promovi\u00f3 la apropiaci\u00f3n de nuevos conceptos y cambios de actitudes.<\/li>\n<li>Estrategias organizativas de asimilaci\u00f3n de la informaci\u00f3n y retenci\u00f3n<\/li>\n<li>Formas de organizaci\u00f3n de la informaci\u00f3n verbal- no verbal. audiovisuales.<\/li>\n<\/ul>\n<p>En conclusi\u00f3n: los derechos de lxs ni\u00f1xs deben conocer sus padres y estos deben d\u00e1rselos a conocer a ellxs, para que tengan herramientas al momento de hacerlos valer y o reclamarlos.<\/p>\n<p>Se resolvi\u00f3 llevar adelante la difusi\u00f3n de la informaci\u00f3n recolectada en este congreso para contagiar en todas las provincias y el pa\u00eds el delicado trabajo realizado por los compa\u00f1eros de Mendoza, que no podr\u00eda haberse realizado si no lo hac\u00edan con amor a los ni\u00f1os, a las personas con discapacidad.<\/p>\n<p>Cabe resaltar la uni\u00f3n, dedicaci\u00f3n, esfuerzo y gran excelencia de todos y cada uno de los organizadores, disertantes y especialistas que participaron para el logro de sus metas.<\/p>\n<p>De esta forma puede abonar el camino para concientizar sobre los riesgos que llevan aparejados, el desconocimiento de los derechos, y la perdida de ellos; y luchar para evitar la p\u00e9rdida de los derechos en unidad, constancia y esfuerzo mancomunado.<\/p>\n<p>Como materializar el aprendizaje realizado:<\/p>\n<ul>\n<li>Capacitando a los diferentes efectores, para lograr el cambio de actitud.<\/li>\n<li>Con pr\u00e1cticas en el aula.<\/li>\n<li>Con formaci\u00f3n del profesional.<\/li>\n<li>Con educaci\u00f3n para el ciudadano, para la inclusi\u00f3n de las personas con discapacidad.<\/li>\n<li>Con sensibilizaci\u00f3n y visualizaci\u00f3n en conductas y pr\u00e1cticas sociales patriarcales.<\/li>\n<\/ul>\n","protected":false},"excerpt":{"rendered":"<p>Organizado por ATE Mendoza y CTA Mujeres de Mendoza, el encuentro se realiz\u00f3 durante tres d\u00edas con un alto nivel de excelencia profesional, en el que hubo disertaciones de especialistas en los temas disertados. Se destac\u00f3 una gran participaci\u00f3n de compa\u00f1eros de diversas provincias como Mendoza, San Luis, C\u00f3rdoba, San Juan, Chubut, R\u00edo negro, Tucum\u00e1n, [&hellip;]<\/p>\n","protected":false},"author":1,"featured_media":19220,"comment_status":"open","ping_status":"open","sticky":false,"template":"","format":"standard","meta":{"_exactmetrics_skip_tracking":false,"_exactmetrics_sitenote_active":false,"_exactmetrics_sitenote_note":"","_exactmetrics_sitenote_category":0,"jnews-multi-image_gallery":[],"jnews_single_post":[],"jnews_primary_category":[],"jnews_social_meta":[],"jnews_review":[],"enable_review":"","type":"","name":"","summary":"","brand":"","sku":"","good":[],"bad":[],"score_override":"","override_value":"","rating":[],"price":[],"jnews_override_counter":[],"jnews_post_split":[],"footnotes":""},"categories":[1],"tags":[],"class_list":["post-10473","post","type-post","status-publish","format-standard","has-post-thumbnail","hentry","category-sin-categoria"],"jetpack_featured_media_url":"https:\/\/atecordoba.org\/wp-content\/uploads\/2020\/05\/logo-nuevochico-e1561581322808.png","_links":{"self":[{"href":"https:\/\/atecordoba.org\/index.php?rest_route=\/wp\/v2\/posts\/10473","targetHints":{"allow":["GET"]}}],"collection":[{"href":"https:\/\/atecordoba.org\/index.php?rest_route=\/wp\/v2\/posts"}],"about":[{"href":"https:\/\/atecordoba.org\/index.php?rest_route=\/wp\/v2\/types\/post"}],"author":[{"embeddable":true,"href":"https:\/\/atecordoba.org\/index.php?rest_route=\/wp\/v2\/users\/1"}],"replies":[{"embeddable":true,"href":"https:\/\/atecordoba.org\/index.php?rest_route=%2Fwp%2Fv2%2Fcomments&post=10473"}],"version-history":[{"count":0,"href":"https:\/\/atecordoba.org\/index.php?rest_route=\/wp\/v2\/posts\/10473\/revisions"}],"wp:featuredmedia":[{"embeddable":true,"href":"https:\/\/atecordoba.org\/index.php?rest_route=\/wp\/v2\/media\/19220"}],"wp:attachment":[{"href":"https:\/\/atecordoba.org\/index.php?rest_route=%2Fwp%2Fv2%2Fmedia&parent=10473"}],"wp:term":[{"taxonomy":"category","embeddable":true,"href":"https:\/\/atecordoba.org\/index.php?rest_route=%2Fwp%2Fv2%2Fcategories&post=10473"},{"taxonomy":"post_tag","embeddable":true,"href":"https:\/\/atecordoba.org\/index.php?rest_route=%2Fwp%2Fv2%2Ftags&post=10473"}],"curies":[{"name":"wp","href":"https:\/\/api.w.org\/{rel}","templated":true}]}}