{"id":10470,"date":"2018-10-08T11:34:57","date_gmt":"2018-10-08T14:34:57","guid":{"rendered":"http:\/\/www.atecordoba.org\/?p=10470"},"modified":"2018-10-08T11:34:57","modified_gmt":"2018-10-08T14:34:57","slug":"la-cta-a-resolvio-paro-y-movilizacion-cuando-se-trate-el-presupuesto","status":"publish","type":"post","link":"https:\/\/atecordoba.org\/?p=10470","title":{"rendered":"La CTA-A resolvi\u00f3 Paro y Movilizaci\u00f3n cuando se trate el Presupuesto"},"content":{"rendered":"<p><em>Durante el cierre, con un multitudinario acto, del acampe de cinco d\u00edas contra el Presupuesto del Ajuste del Gobierno de Macri y del FMI se anunci\u00f3 la medida de fuerza.&nbsp;<\/em><\/p>\n<p><img loading=\"lazy\" decoding=\"async\" class=\"aligncenter size-full wp-image-10471\" src=\"http:\/\/www.atecordoba.org\/wp-content\/uploads\/2018\/10\/acto-cierre-e1539009156476.jpg\" alt=\"\" width=\"550\" height=\"367\"><\/p>\n<p style=\"font-weight: 400;\">Tras cinco d\u00edas de acampe frente al Congreso de la Naci\u00f3n, que incluyeron charlas debates sobre la situaci\u00f3n de la salud y la educaci\u00f3n p\u00fablica, as\u00ed como sobre el empleo p\u00fablico y privado, la presentaci\u00f3n de un presupuesto alternativo, conversado con legisladores y legisladoras de todo el arco pol\u00edtico, la CTA Aut\u00f3noma cerr\u00f3 esta tarde, con un multitudinario acto, esta medida de lucha, que represent\u00f3 a sectores de trabajadores y trabajadoras de todo el pa\u00eds.<\/p>\n<p style=\"font-weight: 400;\">Frente al hist\u00f3rico edificio del Congreso, Hugo \u201cCachorro\u201d Godoy, secretario general de ATE y secretario general adjunto de la CTA-A reconoci\u00f3 la presencia y la lucha sostenida de los compa\u00f1eros y compa\u00f1eras de las organizaciones de la Central, pero tambi\u00e9n de las dem\u00e1s organizaciones sociales y sindicales de la clase trabajadora: \u201cvamos a seguir peleando por una patria liberada, con justicia y soberan\u00eda. Este campamento fue un multiplicador de voces contra la pol\u00edtica econ\u00f3mica y social entreguista del Gobierno de Macri. Alentamos a la continuidad del plan de lucha que se manifest\u00f3 por millones de argentinos con el paro activo de 36 horas del 24 y 25 de septiembre\u201d.<\/p>\n<p>Durante estos d\u00edas de acampe fueron varias las reuniones sostenidas con diputados y diputadas de todo el arco pol\u00edtico con el objetivo de que entiendan por qu\u00e9 no hay que votar por este presupuesto que recorta millones de pesos en los servicios p\u00fablicos, a favor de los intereses de la deuda y de las multinacionales. \u201cEsto depende de nosotros y nosotras: si somos capaces de llenar las calles vamos a quebrar la pol\u00edtica de este gobierno por una pol\u00edtica que genere trabajo, producci\u00f3n y soberan\u00eda\u201d, concluy\u00f3 Cachorro ante el aplauso de todos y todas.<\/p>\n<p>Resta definir la fecha de la medida de fuerza, pero existe la voluntad de las organizaciones que participaron de la semana de protesta para llevar adelante la medida de fuerza que exprese el repudio de los trabajadores al presupuesto nacional pactado con el FMI y los gobernadores.<\/p>\n","protected":false},"excerpt":{"rendered":"<p>Durante el cierre, con un multitudinario acto, del acampe de cinco d\u00edas contra el Presupuesto del Ajuste del Gobierno de Macri y del FMI se anunci\u00f3 la medida de fuerza.&nbsp; Tras cinco d\u00edas de acampe frente al Congreso de la Naci\u00f3n, que incluyeron charlas debates sobre la situaci\u00f3n de la salud y la educaci\u00f3n p\u00fablica, [&hellip;]<\/p>\n","protected":false},"author":1,"featured_media":19220,"comment_status":"open","ping_status":"open","sticky":false,"template":"","format":"standard","meta":{"_exactmetrics_skip_tracking":false,"_exactmetrics_sitenote_active":false,"_exactmetrics_sitenote_note":"","_exactmetrics_sitenote_category":0,"jnews-multi-image_gallery":[],"jnews_single_post":[],"jnews_primary_category":[],"jnews_social_meta":[],"jnews_review":[],"enable_review":"","type":"","name":"","summary":"","brand":"","sku":"","good":[],"bad":[],"score_override":"","override_value":"","rating":[],"price":[],"jnews_override_counter":[],"jnews_post_split":[],"footnotes":""},"categories":[92],"tags":[],"class_list":["post-10470","post","type-post","status-publish","format-standard","has-post-thumbnail","hentry","category-cta"],"jetpack_featured_media_url":"https:\/\/atecordoba.org\/wp-content\/uploads\/2020\/05\/logo-nuevochico-e1561581322808.png","_links":{"self":[{"href":"https:\/\/atecordoba.org\/index.php?rest_route=\/wp\/v2\/posts\/10470","targetHints":{"allow":["GET"]}}],"collection":[{"href":"https:\/\/atecordoba.org\/index.php?rest_route=\/wp\/v2\/posts"}],"about":[{"href":"https:\/\/atecordoba.org\/index.php?rest_route=\/wp\/v2\/types\/post"}],"author":[{"embeddable":true,"href":"https:\/\/atecordoba.org\/index.php?rest_route=\/wp\/v2\/users\/1"}],"replies":[{"embeddable":true,"href":"https:\/\/atecordoba.org\/index.php?rest_route=%2Fwp%2Fv2%2Fcomments&post=10470"}],"version-history":[{"count":0,"href":"https:\/\/atecordoba.org\/index.php?rest_route=\/wp\/v2\/posts\/10470\/revisions"}],"wp:featuredmedia":[{"embeddable":true,"href":"https:\/\/atecordoba.org\/index.php?rest_route=\/wp\/v2\/media\/19220"}],"wp:attachment":[{"href":"https:\/\/atecordoba.org\/index.php?rest_route=%2Fwp%2Fv2%2Fmedia&parent=10470"}],"wp:term":[{"taxonomy":"category","embeddable":true,"href":"https:\/\/atecordoba.org\/index.php?rest_route=%2Fwp%2Fv2%2Fcategories&post=10470"},{"taxonomy":"post_tag","embeddable":true,"href":"https:\/\/atecordoba.org\/index.php?rest_route=%2Fwp%2Fv2%2Ftags&post=10470"}],"curies":[{"name":"wp","href":"https:\/\/api.w.org\/{rel}","templated":true}]}}