{"id":10461,"date":"2018-10-05T10:50:29","date_gmt":"2018-10-05T13:50:29","guid":{"rendered":"http:\/\/www.atecordoba.org\/?p=10461"},"modified":"2018-10-05T10:50:29","modified_gmt":"2018-10-05T13:50:29","slug":"se-realizo-ayer-la-jornada-de-lucha-en-defensa-de-la-salud-publica","status":"publish","type":"post","link":"https:\/\/atecordoba.org\/?p=10461","title":{"rendered":"Se realiz\u00f3 ayer la jornada de lucha en defensa de la salud p\u00fablica"},"content":{"rendered":"<p><em>En C\u00f3rdoba, trabajadores de los hospitales p\u00fablicos junto a delegados de otros organismos realizaron una actividad en el Polo Sanitario. Masiva movilizaci\u00f3n en CABA a la Plaza de Mayo.<\/em><\/p>\n<p><img loading=\"lazy\" decoding=\"async\" class=\"aligncenter size-full wp-image-10462\" src=\"http:\/\/www.atecordoba.org\/wp-content\/uploads\/2018\/10\/WhatsApp-Image-2018-10-04-at-13.37.03-e1538747050362.jpeg\" alt=\"\" width=\"550\" height=\"454\"><\/p>\n<p>La protesta se llev\u00f3 a cabo desde las 11 horas en conmcordancia a lo realizado en las 24 provincias y que tuvo su foco principal en la Plaza de Mayo. Pariticiparon miembros de comisi\u00f3n directiva del CDP y los compa\u00f1eros volantearon para difundir las cr\u00edticas al estados del sistema sanitario provincial, los bajos salarios, las condicionies de precariedad laboral y la falta cr\u00f3nica de insumos. Al mismo tiempo se hizo hincapi\u00e9 en el rechazo al ajsute nacional, la degradaci\u00f3n del Ministerio del \u00e1rea en Secretaria y el riesgo de cierre de programas hist\u00f3ricos de salud en nuestro pa\u00eds o el ajuste en el calendario de vacunaci\u00f3n gratuita.&nbsp;<\/p>\n<p>Al mismo tiempo, fueron miles quienes se movilizaron de Ushuaia a La Quiaca para decir no al presupuesto de ajuste, a la desjerarquizaci\u00f3n del Ministerio de Salud en Secretar\u00eda y a la Cobertura Universal de Salud (CUS), que pretende reducir al m\u00ednimo la atenci\u00f3n de la salud p\u00fablica.<\/p>\n<p><img loading=\"lazy\" decoding=\"async\" class=\"aligncenter size-full wp-image-10466\" src=\"http:\/\/www.atecordoba.org\/wp-content\/uploads\/2018\/10\/13419_9456-e1538747207145.jpg\" alt=\"\" width=\"550\" height=\"375\"><\/p>\n<p style=\"font-weight: 400;\">En la Ciudad de Buenos Aires, la concentraci\u00f3n empez\u00f3 pasado el mediod\u00eda en 9 de Julio y Moreno, en las puertas del ex Ministerio de Salud. La masiva movilizaci\u00f3n estuvo protagonizada por los trabajadores y trabajadoras de la FESPROSA, CICOP, el Hospital Franc\u00e9s, ATE, los Visitadores M\u00e9dicos, docentes, organizaciones de ni\u00f1ez, territoriales, la CTEP, Barrios de Pie, la CCC y otras organizaciones sociales, gremiales, de Derechos Humanos que movilizaron desde all\u00ed a Plaza de Mayo en defensa de la salud p\u00fablica y contra el ajuste del Gobierno. En todos los hospitales faltan insumos, medicamentos, preservativos.<\/p>\n<p><img loading=\"lazy\" decoding=\"async\" class=\"aligncenter size-full wp-image-10468\" src=\"http:\/\/www.atecordoba.org\/wp-content\/uploads\/2018\/10\/13419_9442-e1538747235176.jpg\" alt=\"\" width=\"550\" height=\"367\"><\/p>\n<p style=\"font-weight: 400;\">\u201cEst\u00e1s desmantelando el Plan Nacional de Vacunaci\u00f3n\u201d, denuncian los y las profesionales de la salud. Y es sabido que sin vacunas puede haber epidemias. \u201cNo hay turnos para atenderse\u201d, dicen los y las pacientes. \u201cLos hospitales se caen a pedazos\u201d, se escucha entre la gente. Por eso, la movilizaci\u00f3n de hoy fue masiva: profesionales y pacientes se unieron para decir basta a la pol\u00edtica de ajuste neoliberal que pretende que cada persona pague por su salud. En Estados Unidos, 7 de cada 10 personas en bancarrota, lo est\u00e1 porque alg\u00fan miembro de su familia sufri\u00f3 alg\u00fan problema de salud.<\/p>\n<p><img loading=\"lazy\" decoding=\"async\" class=\"aligncenter size-full wp-image-10464\" src=\"http:\/\/www.atecordoba.org\/wp-content\/uploads\/2018\/10\/13419_9445-e1538747254305.jpg\" alt=\"\" width=\"550\" height=\"392\"><\/p>\n<p style=\"font-weight: 400;\">\u201cEl &#8220;novedoso&#8221; plan de &#8220;Cobertura Universal de Salud&#8221; no difiere una l\u00ednea de aquel que nos propusiera el Banco Mundial en 1993. En ese momento el actual ministro era funcionario de alto rango en el Ministerio de salud de Carlos Menem. La financiaci\u00f3n de este nuevo plan focal (pomposa y falsamente bautizado como universal) no vendr\u00eda, como en el caso del Nacer y el Sumar de los organismos financieros internacionales, sino de un diezmo que pondr\u00eda la burocracia sindical a cambio de cobrar sus deudas y mantener la paz social. Este seguro de canasta m\u00ednima con poblaci\u00f3n a cargo est\u00e1 en las ant\u00edpodas del universalismo y es una vuelta de tuerca vern\u00e1cula de los planes focales que impusieran en los noventa el FMI y el Banco Mundial\u201d, dijo Jorge Yabkowski, presidente de FESPROSA (Federaci\u00f3n que nuclea a los y las profesionales de la salud en todo el pa\u00eds).<\/p>\n<p><img loading=\"lazy\" decoding=\"async\" class=\"aligncenter size-full wp-image-10465\" src=\"http:\/\/www.atecordoba.org\/wp-content\/uploads\/2018\/10\/13419_9451-e1538747269931.jpg\" alt=\"\" width=\"550\" height=\"334\"><\/p>\n<p style=\"font-weight: 400;\">El m\u00e9dico dijo adem\u00e1s que con el pretexto de que el plan aportar\u00eda dinero a las provincias por fuera de rentas generales, los presupuestos p\u00fablicos que hoy garantizan la atenci\u00f3n de millones de argentinos seguir\u00e1n disminuyendo, \u201clos hospitales ser\u00e1n cada vez m\u00e1s pobres\u201d.<\/p>\n<p style=\"font-weight: 400;\">\u201cEl Gobierno de Macri no quiere la salud del pueblo. La desjerarquizaci\u00f3n del Ministerio es la continuidad de la falsa CUS. El Gobierno y el FMI quieren privatizar la salud y que solo accedan quienes puedan pagar\u201d, dijo Hugo \u201cCachorro\u201d Godoy, secretario general de ATE y secretario general adjunto de la CTA-A, durante la movilizaci\u00f3n.<\/p>\n<p style=\"font-weight: 400;\">Seg\u00fan la definici\u00f3n dada en la Declaraci\u00f3n de Alma-Ata, aprobada por la Conferencia Internacional sobre Atenci\u00f3n Primaria de Salud de Alma-Ata de 1978 convocada por la Organizaci\u00f3n Mundial de la Salud (OMS), la atenci\u00f3n primaria de la salud es \u201cla asistencia sanitaria esencial basada en m\u00e9todos y tecnolog\u00edas pr\u00e1cticos, cient\u00edficamente fundados y socialmente aceptables, puesta al alcance de todos los individuos y familias de la comunidad mediante su plena participaci\u00f3n y a un costo que la comunidad y el pa\u00eds puedan soportar, en todas y cada una de las etapas de su desarrollo con un esp\u00edritu de autorresponsabilidad y autodeterminaci\u00f3n\u201d.<\/p>\n<p><img loading=\"lazy\" decoding=\"async\" class=\"aligncenter size-full wp-image-10467\" src=\"http:\/\/www.atecordoba.org\/wp-content\/uploads\/2018\/10\/13419_9438-e1538747293871.jpg\" alt=\"\" width=\"550\" height=\"357\"><\/p>\n<p style=\"font-weight: 400;\">Dentro de la atenci\u00f3n primaria se encuentran el diagn\u00f3stico, la prevenci\u00f3n, la curaci\u00f3n y la rehabilitaci\u00f3n. Durante el Gobierno de Cambiemos, no s\u00f3lo faltan preservativos sino que adem\u00e1s disminuy\u00f3 notablemente la atenci\u00f3n para diagnosticar el VIH, lo que implica que si no se sabe que se lo tiene, los o las portadoras no pueden cuidarse y pueden contagiar el virus. Desde hace m\u00e1s de 40 a\u00f1os, la atenci\u00f3n primaria de la salud \u2013que se reducir\u00eda notablemente con el recorte presupuestario- es un emblema en los pa\u00edses centrales de todo el mundo. Ni Margaret Tatcher en el momento m\u00e1s virulento del neoliberalismo se anim\u00f3 a tocarlo en Inglaterra que tiene uno de los sistemas de salud p\u00fablico m\u00e1s integrales del mundo.<\/p>\n<p style=\"font-weight: 400;\">\u201cEliminar el Ministerio de Salud implica ni m\u00e1s ni menos que degradar la salud, constituyendo un atentado a nuestro sistema p\u00fablico. Cabe destacar que esta quita de derechos se produce a partir de la brutal transferencia de recursos de los sectores populares a los capitales concentrados provocando el aumento de la desigualdad, la desocupaci\u00f3n y la pobreza. Debemos recuperar nuestro derecho inalienable a la salud, exigiendo la restituci\u00f3n de todas las pol\u00edticas p\u00fablicas para devolver a la ciudadan\u00eda el Ministerio de Salud que le pertenece\u201d, ley\u00f3 en Plaza de Mayo, de espaldas a la Casa Rosada, Norita Corti\u00f1as, Madre de Plaza de Mayo L\u00ednea Fundadora.<\/p>\n<p style=\"font-weight: 400;\">El acto termin\u00f3 con el himno nacional argentino en las voces de los miles y miles de trabajadores y trabajadoras que no se resignan al recorte de sus derechos, producto de su lucha y organizaci\u00f3n. Norita invit\u00f3 a todos y todas a acompa\u00f1ar la Ronda de las Madres que realizan todos los jueves 15,30 desde hace m\u00e1s de 40 a\u00f1os.<\/p>\n<div class=\"epyt-video-wrapper\"><iframe loading=\"lazy\"  style=\"display: block; margin: 0px auto;\"  id=\"_ytid_90688\"  width=\"480\" height=\"270\"  data-origwidth=\"480\" data-origheight=\"270\" src=\"https:\/\/www.youtube.com\/embed\/IoKFOgiwVeo?enablejsapi=1&#038;autoplay=0&#038;cc_load_policy=0&#038;cc_lang_pref=&#038;iv_load_policy=3&#038;loop=0&#038;rel=0&#038;fs=1&#038;playsinline=0&#038;autohide=2&#038;theme=dark&#038;color=red&#038;controls=1&#038;disablekb=0&#038;\" class=\"__youtube_prefs__  epyt-is-override  no-lazyload\" title=\"YouTube player\"  allow=\"fullscreen; accelerometer; autoplay; clipboard-write; encrypted-media; gyroscope; picture-in-picture; web-share\" referrerpolicy=\"strict-origin-when-cross-origin\" allowfullscreen data-no-lazy=\"1\" data-skipgform_ajax_framebjll=\"\"><\/iframe><\/div>\n","protected":false},"excerpt":{"rendered":"<p>En C\u00f3rdoba, trabajadores de los hospitales p\u00fablicos junto a delegados de otros organismos realizaron una actividad en el Polo Sanitario. Masiva movilizaci\u00f3n en CABA a la Plaza de Mayo. La protesta se llev\u00f3 a cabo desde las 11 horas en conmcordancia a lo realizado en las 24 provincias y que tuvo su foco principal en [&hellip;]<\/p>\n","protected":false},"author":1,"featured_media":19220,"comment_status":"open","ping_status":"open","sticky":false,"template":"","format":"standard","meta":{"_exactmetrics_skip_tracking":false,"_exactmetrics_sitenote_active":false,"_exactmetrics_sitenote_note":"","_exactmetrics_sitenote_category":0,"jnews-multi-image_gallery":[],"jnews_single_post":[],"jnews_primary_category":[],"jnews_social_meta":[],"jnews_review":[],"enable_review":"","type":"","name":"","summary":"","brand":"","sku":"","good":[],"bad":[],"score_override":"","override_value":"","rating":[],"price":[],"jnews_override_counter":[],"jnews_post_split":[],"footnotes":""},"categories":[102],"tags":[],"class_list":["post-10461","post","type-post","status-publish","format-standard","has-post-thumbnail","hentry","category-salud-2"],"jetpack_featured_media_url":"https:\/\/atecordoba.org\/wp-content\/uploads\/2020\/05\/logo-nuevochico-e1561581322808.png","_links":{"self":[{"href":"https:\/\/atecordoba.org\/index.php?rest_route=\/wp\/v2\/posts\/10461","targetHints":{"allow":["GET"]}}],"collection":[{"href":"https:\/\/atecordoba.org\/index.php?rest_route=\/wp\/v2\/posts"}],"about":[{"href":"https:\/\/atecordoba.org\/index.php?rest_route=\/wp\/v2\/types\/post"}],"author":[{"embeddable":true,"href":"https:\/\/atecordoba.org\/index.php?rest_route=\/wp\/v2\/users\/1"}],"replies":[{"embeddable":true,"href":"https:\/\/atecordoba.org\/index.php?rest_route=%2Fwp%2Fv2%2Fcomments&post=10461"}],"version-history":[{"count":0,"href":"https:\/\/atecordoba.org\/index.php?rest_route=\/wp\/v2\/posts\/10461\/revisions"}],"wp:featuredmedia":[{"embeddable":true,"href":"https:\/\/atecordoba.org\/index.php?rest_route=\/wp\/v2\/media\/19220"}],"wp:attachment":[{"href":"https:\/\/atecordoba.org\/index.php?rest_route=%2Fwp%2Fv2%2Fmedia&parent=10461"}],"wp:term":[{"taxonomy":"category","embeddable":true,"href":"https:\/\/atecordoba.org\/index.php?rest_route=%2Fwp%2Fv2%2Fcategories&post=10461"},{"taxonomy":"post_tag","embeddable":true,"href":"https:\/\/atecordoba.org\/index.php?rest_route=%2Fwp%2Fv2%2Ftags&post=10461"}],"curies":[{"name":"wp","href":"https:\/\/api.w.org\/{rel}","templated":true}]}}