{"id":10457,"date":"2018-10-04T15:32:32","date_gmt":"2018-10-04T18:32:32","guid":{"rendered":"http:\/\/www.atecordoba.org\/?p=10457"},"modified":"2020-06-09T15:36:27","modified_gmt":"2020-06-09T18:36:27","slug":"se-realizo-en-ate-el-preencuentro-de-mujeres-sindicalistas","status":"publish","type":"post","link":"https:\/\/atecordoba.org\/?p=10457","title":{"rendered":"Se realiz\u00f3 en ATE el Preencuentro de Mujeres Sindicalistas"},"content":{"rendered":"<p><em>El 28 de septiembre se realiz\u00f3 en la sede del Consejo Directivo Provincial el Primer Pre Encuentro de Mujeres Sindicalistas para debatir sobre la realidad de las mujeres en el \u00e1mbito laboral y sindical. \u201cPara ayudarnos a comprender entre todas el origen de nuestras desigualdades y las causas de la violencia hacia nuestros cuerpos\u201d, resumieron las compa\u00f1eras.<\/em><\/p>\n<p><img loading=\"lazy\" decoding=\"async\" class=\"aligncenter size-full wp-image-10458\" src=\"http:\/\/atecordoba.org\/wp-content\/uploads\/2020\/06\/WhatsApp-Image-2018-10-04-at-13.40.24-e1538677921213.jpg\" alt=\"\" width=\"550\" height=\"417\"><\/p>\n<p>La jornada de reflexi\u00f3n duro m\u00e1s de cinco horas de debate constante donde se abordaron problem\u00e1ticas de diferentes sectores del Estado de las trabajadoras presentes.<\/p>\n<p>Algunos disparadores sirvieron para lanzar el debate, como cu\u00e1l es su representaci\u00f3n gremial, si tienen delegadas o delegados, c\u00f3mo es la participaci\u00f3n de las afiliadas y de las mujeres en general. Tambi\u00e9n se convers\u00f3 sobre el \u201ctecho de cristal\u201d al que son sometidas las mujeres en la actividad p\u00fablica y que cuando se logra traspasar estos techos, lo mucho que son cuestionadas o ninguneadas por estar en cargos jer\u00e1rquicos.<\/p>\n<p><strong>Segunda parte<\/strong><\/p>\n<p>Posteriormente las compa\u00f1eras trabajaron en torno a la pol\u00edtica econ\u00f3mica del mundo, pudiendo hacer un recorrido de las resistencias y luchas que se est\u00e1n viviendo a nivel general. \u201cVisualizamos al movimiento de mujeres como uno de los m\u00e1s amplios, en tanto sus diversas representaciones pol\u00edticas, y, m\u00e1s numerosos. Destacamos que es un movimiento que ya no tiene fronteras. Posee las experiencias de luchas m\u00e1s relevantes en de las \u00faltimas d\u00e9cadas\u201d, resumi\u00f3 el balance conjunto que las compa\u00f1eras elaboraron tras el Encuentro.<\/p>\n<p>Acto seguido las compa\u00f1eras presentes se sumergieron en las tareas cotidianas que llevan a cabo la mayor\u00eda de las mujeres, sobre todo aquellas que les dedican tiempo a los cuidados del hogar y familiares. La discusi\u00f3n se enfoc\u00f3 ah\u00ed sobre el poco reconocimiento que tiene el Estado en relaci\u00f3n a esto y la exigencia que representa para los puestos de trabajos, donde tampoco est\u00e1 reconocido. \u201cDesde ah\u00ed resolvimos la importancia de poder construir nuestro propio plan de reivindicaciones colectivas, comenzar con una campa\u00f1a en todos los sectores que estamos para visualizar estas realidades que se convierten constantemente en diferencias que nos oprimen\u201d, explica el documento.<\/p>\n<p>Finalmente, se concluy\u00f3 en la necesidad de repetir este encuentro al menos una vez al a\u00f1o, apuntando a que en todos los sectores del \u00e1mbito del Estado haya compa\u00f1eras organizadas. \u201cSabemos que las mujeres aprendimos formas de comunicarnos y solidarizarnos participativas y, por lo tanto, mucho m\u00e1s democr\u00e1ticas y saludables. En C\u00f3rdoba Capital nos seguiremos juntando cada quince d\u00edas e invitamos a todas las que quieran participar, intentamos que sea abierto y horizontal este espacio que estamos construyendo. Vamos a estar form\u00e1ndonos constantemente\u201d, concluyeron las participantes.<\/p>\n<p>Para lo sucesivo se resolvi\u00f3 abordar la teor\u00eda de Rita Segato y armar una campa\u00f1a de visualizaci\u00f3n de las problem\u00e1ticas de las mujeres.<\/p>\n<p>El mail de contacto con las compa\u00f1eras de g\u00e9nero en ATE es <a href=\"mailto:ategenerocordoba@gmail.com\">ategenerocordoba@gmail.com<\/a><\/p>\n","protected":false},"excerpt":{"rendered":"<p>El 28 de septiembre se realiz\u00f3 en la sede del Consejo Directivo Provincial el Primer Pre Encuentro de Mujeres Sindicalistas para debatir sobre la realidad de las mujeres en el \u00e1mbito laboral y sindical. \u201cPara ayudarnos a comprender entre todas el origen de nuestras desigualdades y las causas de la violencia hacia nuestros cuerpos\u201d, resumieron [&hellip;]<\/p>\n","protected":false},"author":1,"featured_media":19220,"comment_status":"open","ping_status":"open","sticky":false,"template":"","format":"standard","meta":{"_exactmetrics_skip_tracking":false,"_exactmetrics_sitenote_active":false,"_exactmetrics_sitenote_note":"","_exactmetrics_sitenote_category":0,"jnews-multi-image_gallery":[],"jnews_single_post":[],"jnews_primary_category":[],"jnews_social_meta":[],"jnews_review":[],"enable_review":"","type":"","name":"","summary":"","brand":"","sku":"","good":[],"bad":[],"score_override":"","override_value":"","rating":[],"price":[],"jnews_override_counter":[],"jnews_post_split":[],"footnotes":""},"categories":[325],"tags":[],"class_list":["post-10457","post","type-post","status-publish","format-standard","has-post-thumbnail","hentry","category-generos-y-diversidades"],"jetpack_featured_media_url":"https:\/\/atecordoba.org\/wp-content\/uploads\/2020\/05\/logo-nuevochico-e1561581322808.png","_links":{"self":[{"href":"https:\/\/atecordoba.org\/index.php?rest_route=\/wp\/v2\/posts\/10457","targetHints":{"allow":["GET"]}}],"collection":[{"href":"https:\/\/atecordoba.org\/index.php?rest_route=\/wp\/v2\/posts"}],"about":[{"href":"https:\/\/atecordoba.org\/index.php?rest_route=\/wp\/v2\/types\/post"}],"author":[{"embeddable":true,"href":"https:\/\/atecordoba.org\/index.php?rest_route=\/wp\/v2\/users\/1"}],"replies":[{"embeddable":true,"href":"https:\/\/atecordoba.org\/index.php?rest_route=%2Fwp%2Fv2%2Fcomments&post=10457"}],"version-history":[{"count":1,"href":"https:\/\/atecordoba.org\/index.php?rest_route=\/wp\/v2\/posts\/10457\/revisions"}],"predecessor-version":[{"id":19937,"href":"https:\/\/atecordoba.org\/index.php?rest_route=\/wp\/v2\/posts\/10457\/revisions\/19937"}],"wp:featuredmedia":[{"embeddable":true,"href":"https:\/\/atecordoba.org\/index.php?rest_route=\/wp\/v2\/media\/19220"}],"wp:attachment":[{"href":"https:\/\/atecordoba.org\/index.php?rest_route=%2Fwp%2Fv2%2Fmedia&parent=10457"}],"wp:term":[{"taxonomy":"category","embeddable":true,"href":"https:\/\/atecordoba.org\/index.php?rest_route=%2Fwp%2Fv2%2Fcategories&post=10457"},{"taxonomy":"post_tag","embeddable":true,"href":"https:\/\/atecordoba.org\/index.php?rest_route=%2Fwp%2Fv2%2Ftags&post=10457"}],"curies":[{"name":"wp","href":"https:\/\/api.w.org\/{rel}","templated":true}]}}