{"id":10446,"date":"2018-10-02T14:42:24","date_gmt":"2018-10-02T17:42:24","guid":{"rendered":"http:\/\/www.atecordoba.org\/?p=10446"},"modified":"2018-10-02T14:42:24","modified_gmt":"2018-10-02T17:42:24","slug":"protesta-frente-al-ministerio-de-justicia-en-defensa-de-los-delegados-del-102","status":"publish","type":"post","link":"https:\/\/atecordoba.org\/?p=10446","title":{"rendered":"Protesta frente al Ministerio de Justicia en defensa de los delegados del 102"},"content":{"rendered":"<p><em>ATE realiza una protesta frente al organismo para reclamar que se cumpla la orden judicial de reinstalaci\u00f3n de los delegados en su lugar de trabajo. La Provincia no registraba hasta el momento antecedentes de incumplimientos en la materia.<\/em><\/p>\n<p><img loading=\"lazy\" decoding=\"async\" class=\"aligncenter size-full wp-image-10448\" src=\"http:\/\/www.atecordoba.org\/wp-content\/uploads\/2018\/10\/WhatsApp-Image-2018-10-02-at-14.40.13-e1538502104939.jpeg\" alt=\"\" width=\"550\" height=\"413\"><\/p>\n<p>Tras numerosos reclamos para que finalice la persecuci\u00f3n a los delegados del servicio 102, ATE realiza hoy una protesta con acampe frente al Ministerio de Justicia y DDHH de la Provincia.&nbsp;<\/p>\n<p>Se trata de dos delegados, Romina Espinosa y Humberto Cabral, que fueron apartados de su lugar de trabajo, aisl\u00e1ndolos de los trabajadores del sector,&nbsp; debido a los reclamos por las p\u00e9simas condiciones de trabajo en el servicio 102, que se ocupa de atender la demanda de vulneraci\u00f3n de derechos de menores en la provincia.<\/p>\n<p>El \u00e1rea fue trasladada de la oficina original a un lugar que no re\u00fane condiciones de higiene y seguridad, por lo que al hacer los planteos correspondientes fueron castigados con el apartamiento de su lugar habitual de trabajo, donde se desempe\u00f1aban desde hace 20 y 13 a\u00f1os respectivamente.<\/p>\n<p>Ante la situaci\u00f3n, ATE se present\u00f3 a la justicia y promovi\u00f3 una medida cautelar, por medio de una acci\u00f3n de reinstalaci\u00f3n, para resguardar tanto el derecho de los delegados como el de los trabajadores. Un juez dio la raz\u00f3n a ATE y al reclamo de los delegados, pero las autoridades se niegan hasta el d\u00eda de hoy a cumplir la orden de reinstalaci\u00f3n de los compa\u00f1eros.<\/p>\n<p>Vale se\u00f1alar que el pasado 3 de septiembre la Provincia fue notificada de la orden judicial de reinstalaci\u00f3n.<\/p>\n<p>No obstante ello posteriormente se les inici\u00f3 unas investigaci\u00f3n administrativa a los dos compa\u00f1eros -fundada en hechos falsos- y no se les control\u00f3 la asistencia en el lugar donde le juez hab\u00eda ordenado su reinstalaci\u00f3n. Adem\u00e1s, el propio secretario de la Senaf les realiz\u00f3 la evaluaci\u00f3n anual, contra la normativa que ordena que estos actos los realice su jefe inmediato. Como resultado, ambos delegados resultaron con una baja calificaci\u00f3n cuando a\u00f1os anteriores tuvieron la m\u00e1xima calificaci\u00f3n, que los perjudica en su legajo y en la prosecuci\u00f3n de la carrera administrativa.<\/p>\n<p>Por \u00faltimo, llevando al extremo el car\u00e1cter persecutorio de la situaci\u00f3n que viven los compa\u00f1eros, con los salarios del mes de septiembre&nbsp;les imputaron descuentos por 9 mil y 6 mil pesos respectivamente, por presunta inasistencia a un lugar de trabajo, que si hab\u00edan cumplido.<\/p>\n<p>Todo esto se produce en el marco de la persecuci\u00f3n sindical y de un ataque institucional contra ATE.<\/p>\n<p>Desde el equipo jur\u00eddico de nuestro gremio confirmaron que no hay antecedentes de incumplimientos de la reinstalaci\u00f3n a un delegado.&nbsp;&nbsp;<\/p>\n<p>Con todo, los delegados contin\u00faan reclamando junto a compa\u00f1eros de otras reparticiones que se acercaron a apoyar la lucha del 102. Los compa\u00f1eros resumieron la situaci\u00f3n explicando que &#8220;la investigaci\u00f3n administrativa, los descuentos indebidos, los impedimentos para tomar licencias, la evaluaci\u00f3n de desempe\u00f1o ejecutada con p\u00e9simas calificaciones, son algunas de las agresiones que venimos soportando por reclamar un espacio digno de trabajo&#8221;.<\/p>\n<p>&nbsp;<\/p>\n<p>&nbsp;<\/p>\n<p>Tanto Pi\u00f1ero como el Ministro Luis Angulo, incumplen la orden Judicial de reinstalaci\u00f3n en el 102 de Humberto Cabral y Romina Espinosa.<br \/>\nSe nos han descontado 9200 y 5200 pesos de nuestros sueldos de septiembre por d\u00edas que asistimos normalmente al 102 tal como lo ordena la cautelar.<br \/>\nInvestigaci\u00f3n administrativa, descuentos indebidos, impedimentos para tomar licencias, evaluaci\u00f3n de desempe\u00f1o ejecutada por el mismo Pi\u00f1ero con p\u00e9simas calificaciones, son algunas de las agresiones que venimos soportando por reclamar un espacio digno de trabajo.<\/p>\n<p>&nbsp;<\/p>\n<p>&nbsp;<\/p>\n","protected":false},"excerpt":{"rendered":"<p>ATE realiza una protesta frente al organismo para reclamar que se cumpla la orden judicial de reinstalaci\u00f3n de los delegados en su lugar de trabajo. La Provincia no registraba hasta el momento antecedentes de incumplimientos en la materia. Tras numerosos reclamos para que finalice la persecuci\u00f3n a los delegados del servicio 102, ATE realiza hoy [&hellip;]<\/p>\n","protected":false},"author":1,"featured_media":19220,"comment_status":"open","ping_status":"open","sticky":false,"template":"","format":"standard","meta":{"_exactmetrics_skip_tracking":false,"_exactmetrics_sitenote_active":false,"_exactmetrics_sitenote_note":"","_exactmetrics_sitenote_category":0,"jnews-multi-image_gallery":[],"jnews_single_post":[],"jnews_primary_category":[],"jnews_social_meta":[],"jnews_review":[],"enable_review":"","type":"","name":"","summary":"","brand":"","sku":"","good":[],"bad":[],"score_override":"","override_value":"","rating":[],"price":[],"jnews_override_counter":[],"jnews_post_split":[],"footnotes":""},"categories":[97],"tags":[],"class_list":["post-10446","post","type-post","status-publish","format-standard","has-post-thumbnail","hentry","category-senaf"],"jetpack_featured_media_url":"https:\/\/atecordoba.org\/wp-content\/uploads\/2020\/05\/logo-nuevochico-e1561581322808.png","_links":{"self":[{"href":"https:\/\/atecordoba.org\/index.php?rest_route=\/wp\/v2\/posts\/10446","targetHints":{"allow":["GET"]}}],"collection":[{"href":"https:\/\/atecordoba.org\/index.php?rest_route=\/wp\/v2\/posts"}],"about":[{"href":"https:\/\/atecordoba.org\/index.php?rest_route=\/wp\/v2\/types\/post"}],"author":[{"embeddable":true,"href":"https:\/\/atecordoba.org\/index.php?rest_route=\/wp\/v2\/users\/1"}],"replies":[{"embeddable":true,"href":"https:\/\/atecordoba.org\/index.php?rest_route=%2Fwp%2Fv2%2Fcomments&post=10446"}],"version-history":[{"count":0,"href":"https:\/\/atecordoba.org\/index.php?rest_route=\/wp\/v2\/posts\/10446\/revisions"}],"wp:featuredmedia":[{"embeddable":true,"href":"https:\/\/atecordoba.org\/index.php?rest_route=\/wp\/v2\/media\/19220"}],"wp:attachment":[{"href":"https:\/\/atecordoba.org\/index.php?rest_route=%2Fwp%2Fv2%2Fmedia&parent=10446"}],"wp:term":[{"taxonomy":"category","embeddable":true,"href":"https:\/\/atecordoba.org\/index.php?rest_route=%2Fwp%2Fv2%2Fcategories&post=10446"},{"taxonomy":"post_tag","embeddable":true,"href":"https:\/\/atecordoba.org\/index.php?rest_route=%2Fwp%2Fv2%2Ftags&post=10446"}],"curies":[{"name":"wp","href":"https:\/\/api.w.org\/{rel}","templated":true}]}}