{"id":10444,"date":"2018-10-03T14:57:07","date_gmt":"2018-10-03T17:57:07","guid":{"rendered":"http:\/\/www.atecordoba.org\/?p=10444"},"modified":"2020-06-09T15:36:28","modified_gmt":"2020-06-09T18:36:28","slug":"la-falda-ate-se-movilizo-para-repudiar-violencia-laboral-en-el-iosfa","status":"publish","type":"post","link":"https:\/\/atecordoba.org\/?p=10444","title":{"rendered":"La Falda: ATE se moviliz\u00f3 para repudiar violencia laboral en el IOSFA"},"content":{"rendered":"<p><em>Trabajadores del Personal Civil de las FF.AA. y compa\u00f1eros de otras reparticiones estuvieron frente al Hotel del IOSFA en la localidad serrana para hacer p\u00fablico la denuncia sobre acoso y persecuci\u00f3n que sufren los compa\u00f1eros de parte del militar encargado, que focaliz\u00f3 su ensa\u00f1amiento con una delegada del sector.<\/em><\/p>\n<p><img loading=\"lazy\" decoding=\"async\" class=\"aligncenter size-full wp-image-10450\" src=\"http:\/\/atecordoba.org\/wp-content\/uploads\/2020\/06\/conjuto-e1538589257517.jpg\" alt=\"\" width=\"550\" height=\"413\"><\/p>\n<p>En el marco de la jornada de protesta &#8220;Un violento anda suelto en La Falda&#8221; que desarrollaron&nbsp; compa\u00f1eras y compa\u00f1eros de ATE C\u00f3rdoba, el viernes pasado se realiz\u00f3 el escrache al administrador del Hotel del IOSFA, un personaje violento que desde hace dos a\u00f1os ejerce el abuso de poder sobre los trabajadores del sector y la delegada de ATE, Mar\u00eda Jos\u00e9 Pe\u00f1aloza, en particular.<\/p>\n<p>Ante la complicidad de las autoridades de la obra social de las FF.AA., que apa\u00f1an al administrador Jorge Cisternas, la acci\u00f3n de protesta tuvo como fin hacer conocer la situaci\u00f3n a la comunidad de La Falda.<\/p>\n<p>Previamente ATE llev\u00f3 adelante una larga pelea por medios administrativos (quejas a la direcci\u00f3n de la obra social), paritarios (denuncia a la CIOT con fallo no vinculante a favor de las compa\u00f1eras) y judiciales (con sumario del Ejercito) y denuncias penales de varias compa\u00f1eras de la residencia hotelera), todo sin resultado positivo hasta el momento.<\/p>\n<p>Entre las denuncias se puntualiz\u00f3 la falta de aplicaci\u00f3n de la Ley Nacional 26485 de &#8220;Protecci\u00f3n integral para prevenir, sancionar y erradicar la violencia contra las mujeres en los \u00e1mbitos en que desarrollen sus relaciones interpersonales&#8221;.<\/p>\n<p>En la oportunidad estuvo presente la compa\u00f1era Marta Galante, del Departamento de Genero del CDN, junto a compa\u00f1eros del CDP, compa\u00f1eros de Salud, Municipales, PAMI, UNC, provinciales y de la ONG CEPROFA (Centro de Protecci\u00f3n de la Familia), encabezada por Karina Lucero.<\/p>\n<p>ATE destac\u00f3 a las compa\u00f1eras que valientemente denuncian esta situaci\u00f3n, v\u00edctimas de esta persona que es violenta y mis\u00f3gina. Este avasallamiento no puede quedar en la nada porque hay una ley, la 26485, sancionada en 2009 donde dice que es obligaci\u00f3n de cada una de las reparticiones del Estado erradicar la violencia de g\u00e9nero en cada uno de los \u00e1mbitos donde las trabajadoras y los trabajadores desempe\u00f1an actividades. Como entidad sindical nacional pediremos audiencia donde corresponde porque no toleramos violencia en los lugares de trabajo.<\/p>\n<p><strong>Testimonios<\/strong><\/p>\n<p>&#8220;Estamos protestando para visibilizar un problema de larga data, un caso muy concreto de violencia de un jefe en la residencia, donde se suscit\u00f3 una apriete y acoso sobre varios trabajadores pero sobretodo sufri\u00f3 los hostigamientos la delegada de ATE Mar\u00eda Jos\u00e9 Pe\u00f1aloza&#8221;, explic\u00f3 V\u00edctor Lecuona, secretario de Organizaci\u00f3n del CDP y paritarios del Personal Civil de las FF.AA.<\/p>\n<p><img loading=\"lazy\" decoding=\"async\" class=\"aligncenter  wp-image-10451\" src=\"http:\/\/atecordoba.org\/wp-content\/uploads\/2020\/06\/lecuona-y-cra.jpg\" alt=\"\" width=\"549\" height=\"412\"><\/p>\n<p>Y agreg\u00f3: &#8220;Lo venimos denunciando hace dos a\u00f1os, debido a las amenazas, los aprietes constantes. Para la delegada las consecuencias han sido graves, debiendo recibir tratamiento psicol\u00f3gico y atenci\u00f3n m\u00e9dica&#8221;.<\/p>\n<p>Por su parte, la delegada Pe\u00f1aloza reclam\u00f3 &#8220;que le den validez a la ley que nos protege, el problema mayor es el maltrato hacia las mujeres. A los compa\u00f1eros los castigan por ser afines al gremio&#8221;.<\/p>\n<p>&nbsp;<\/p>\n","protected":false},"excerpt":{"rendered":"<p>Trabajadores del Personal Civil de las FF.AA. y compa\u00f1eros de otras reparticiones estuvieron frente al Hotel del IOSFA en la localidad serrana para hacer p\u00fablico la denuncia sobre acoso y persecuci\u00f3n que sufren los compa\u00f1eros de parte del militar encargado, que focaliz\u00f3 su ensa\u00f1amiento con una delegada del sector. En el marco de la jornada [&hellip;]<\/p>\n","protected":false},"author":1,"featured_media":19220,"comment_status":"open","ping_status":"open","sticky":false,"template":"","format":"standard","meta":{"_exactmetrics_skip_tracking":false,"_exactmetrics_sitenote_active":false,"_exactmetrics_sitenote_note":"","_exactmetrics_sitenote_category":0,"jnews-multi-image_gallery":[],"jnews_single_post":[],"jnews_primary_category":[],"jnews_social_meta":[],"jnews_review":[],"enable_review":"","type":"","name":"","summary":"","brand":"","sku":"","good":[],"bad":[],"score_override":"","override_value":"","rating":[],"price":[],"jnews_override_counter":[],"jnews_post_split":[],"footnotes":""},"categories":[325],"tags":[],"class_list":["post-10444","post","type-post","status-publish","format-standard","has-post-thumbnail","hentry","category-generos-y-diversidades"],"jetpack_featured_media_url":"https:\/\/atecordoba.org\/wp-content\/uploads\/2020\/05\/logo-nuevochico-e1561581322808.png","_links":{"self":[{"href":"https:\/\/atecordoba.org\/index.php?rest_route=\/wp\/v2\/posts\/10444","targetHints":{"allow":["GET"]}}],"collection":[{"href":"https:\/\/atecordoba.org\/index.php?rest_route=\/wp\/v2\/posts"}],"about":[{"href":"https:\/\/atecordoba.org\/index.php?rest_route=\/wp\/v2\/types\/post"}],"author":[{"embeddable":true,"href":"https:\/\/atecordoba.org\/index.php?rest_route=\/wp\/v2\/users\/1"}],"replies":[{"embeddable":true,"href":"https:\/\/atecordoba.org\/index.php?rest_route=%2Fwp%2Fv2%2Fcomments&post=10444"}],"version-history":[{"count":1,"href":"https:\/\/atecordoba.org\/index.php?rest_route=\/wp\/v2\/posts\/10444\/revisions"}],"predecessor-version":[{"id":19940,"href":"https:\/\/atecordoba.org\/index.php?rest_route=\/wp\/v2\/posts\/10444\/revisions\/19940"}],"wp:featuredmedia":[{"embeddable":true,"href":"https:\/\/atecordoba.org\/index.php?rest_route=\/wp\/v2\/media\/19220"}],"wp:attachment":[{"href":"https:\/\/atecordoba.org\/index.php?rest_route=%2Fwp%2Fv2%2Fmedia&parent=10444"}],"wp:term":[{"taxonomy":"category","embeddable":true,"href":"https:\/\/atecordoba.org\/index.php?rest_route=%2Fwp%2Fv2%2Fcategories&post=10444"},{"taxonomy":"post_tag","embeddable":true,"href":"https:\/\/atecordoba.org\/index.php?rest_route=%2Fwp%2Fv2%2Ftags&post=10444"}],"curies":[{"name":"wp","href":"https:\/\/api.w.org\/{rel}","templated":true}]}}