{"id":10441,"date":"2018-10-02T12:33:13","date_gmt":"2018-10-02T15:33:13","guid":{"rendered":"http:\/\/www.atecordoba.org\/?p=10441"},"modified":"2018-10-02T12:33:13","modified_gmt":"2018-10-02T15:33:13","slug":"ate-rechaza-cambios-en-el-otorgamiento-de-pensiones-no-contributivas-por-invalidez","status":"publish","type":"post","link":"https:\/\/atecordoba.org\/?p=10441","title":{"rendered":"ATE rechaza cambios en el otorgamiento de pensiones no contributivas por invalidez"},"content":{"rendered":"<p><em>La revisi\u00f3n de las pensiones resuelta por la Agencia Nacional de Discapacidad genera zozobra entre los beneficiarios y expone una vez m\u00e1s el desinter\u00e9s del gobierno macrista por el bienestar de los m\u00e1s necesitados.<\/em><\/p>\n<p><img loading=\"lazy\" decoding=\"async\" class=\"aligncenter size-full wp-image-10442\" src=\"http:\/\/www.atecordoba.org\/wp-content\/uploads\/2018\/10\/web.png\" alt=\"\" width=\"550\" height=\"412\"><\/p>\n<p>A trav\u00e9s de la resoluci\u00f3n 268\/2018, la Agencia Nacional de Discapacidad aprob\u00f3 el pasado 25 de septiembre el circuito administrativo de notificaci\u00f3n de incompatibilidades con el Decreto 432\/97, de suspensi\u00f3n y caducidad de pensiones no contributivas por invalidez.<\/p>\n<p>La medida est\u00e1 dirigida a las personas que tienen la pensi\u00f3n no contributiva con el claro fin de darle de baja e impedir que nuevas personas puedan acceder al beneficio, y tiene el sello del pacto de ajuste con el FMI que el gobierno anunci\u00f3 tambi\u00e9n la semana pasada, mientras nos encontr\u00e1bamos realizando el paro general.<\/p>\n<p>Desde la conducci\u00f3n nacional de ATE repudio la orden emanada desde el gobierno al tiempo que acus\u00f3 a los funcionarios de estar vaciando los centros de atenci\u00f3n de la Comisi\u00f3n Nacional de Pensiones, derivando a su vez los beneficiarios a las Udai de Anses, donde los trabajadores ven recargadas sus tareas.<\/p>\n<p>Es inconcebible que el peso del ajuste recaiga en los discapacitados, atropellando no solo los derechos de los m\u00e1s vulnerables.<\/p>\n<p>Adem\u00e1s, desde la CTA-A se\u00f1alaron que la medida se funda en un decreto que es inconstitucional porque choca con la Convenci\u00f3n de los Derechos de las Personas con Discapacidad, incorporada a nuestra carta magna.<\/p>\n<p>El modo de notificaci\u00f3n ser\u00e1 a trav\u00e9s del recibo de haberes o por medio de una notificaci\u00f3n en el domicilio del beneficiario. Una vez que esto ocurra se deber\u00e1 apersonar a la oficina m\u00e1s cercana al domicilio e iniciar un descargo. Seg\u00fan se divulg\u00f3 en un instructivo sobre de c\u00f3mo realizar el descargo y los pasos a seguir, deben tenerse en cuenta algunos criterios:<\/p>\n<ul>\n<li>No debe presentarse a la UDAI si no recibi\u00f3 notificaci\u00f3n.<\/li>\n<li>Desde que recibi\u00f3 la notificaci\u00f3n corren diez d\u00edas h\u00e1biles administrativos para que el pensionado pueda: tomar vista de las actuaciones, ejercer su defensa y ofrecer prueba en la administraci\u00f3n (UDAI).<\/li>\n<li>Deben concurrir a la UDAI (ANSES) m\u00e1s cercana a su domicilio, para lo que antes deben obtener turno llamando al n\u00famero 130.<\/li>\n<li>Imprimir dos ejemplares del escrito, firmarlos, dejar uno en la UDAI y exigir copia de recepci\u00f3n (con sello fechador).<\/li>\n<li>IMPORTANTE: Para ejercer su defensa ante la administraci\u00f3n p\u00fablica no es requisito que un abogado suscriba su petici\u00f3n, por lo que en el caso de imposibilidad de contratar un abogado, puede hacerlo utilizando el modelo que se adecue a su situaci\u00f3n.<\/li>\n<\/ul>\n","protected":false},"excerpt":{"rendered":"<p>La revisi\u00f3n de las pensiones resuelta por la Agencia Nacional de Discapacidad genera zozobra entre los beneficiarios y expone una vez m\u00e1s el desinter\u00e9s del gobierno macrista por el bienestar de los m\u00e1s necesitados. A trav\u00e9s de la resoluci\u00f3n 268\/2018, la Agencia Nacional de Discapacidad aprob\u00f3 el pasado 25 de septiembre el circuito administrativo de [&hellip;]<\/p>\n","protected":false},"author":1,"featured_media":19220,"comment_status":"open","ping_status":"open","sticky":false,"template":"","format":"standard","meta":{"_exactmetrics_skip_tracking":false,"_exactmetrics_sitenote_active":false,"_exactmetrics_sitenote_note":"","_exactmetrics_sitenote_category":0,"jnews-multi-image_gallery":[],"jnews_single_post":[],"jnews_primary_category":[],"jnews_social_meta":[],"jnews_review":[],"enable_review":"","type":"","name":"","summary":"","brand":"","sku":"","good":[],"bad":[],"score_override":"","override_value":"","rating":[],"price":[],"jnews_override_counter":[],"jnews_post_split":[],"footnotes":""},"categories":[1],"tags":[],"class_list":["post-10441","post","type-post","status-publish","format-standard","has-post-thumbnail","hentry","category-sin-categoria"],"jetpack_featured_media_url":"https:\/\/atecordoba.org\/wp-content\/uploads\/2020\/05\/logo-nuevochico-e1561581322808.png","_links":{"self":[{"href":"https:\/\/atecordoba.org\/index.php?rest_route=\/wp\/v2\/posts\/10441","targetHints":{"allow":["GET"]}}],"collection":[{"href":"https:\/\/atecordoba.org\/index.php?rest_route=\/wp\/v2\/posts"}],"about":[{"href":"https:\/\/atecordoba.org\/index.php?rest_route=\/wp\/v2\/types\/post"}],"author":[{"embeddable":true,"href":"https:\/\/atecordoba.org\/index.php?rest_route=\/wp\/v2\/users\/1"}],"replies":[{"embeddable":true,"href":"https:\/\/atecordoba.org\/index.php?rest_route=%2Fwp%2Fv2%2Fcomments&post=10441"}],"version-history":[{"count":0,"href":"https:\/\/atecordoba.org\/index.php?rest_route=\/wp\/v2\/posts\/10441\/revisions"}],"wp:featuredmedia":[{"embeddable":true,"href":"https:\/\/atecordoba.org\/index.php?rest_route=\/wp\/v2\/media\/19220"}],"wp:attachment":[{"href":"https:\/\/atecordoba.org\/index.php?rest_route=%2Fwp%2Fv2%2Fmedia&parent=10441"}],"wp:term":[{"taxonomy":"category","embeddable":true,"href":"https:\/\/atecordoba.org\/index.php?rest_route=%2Fwp%2Fv2%2Fcategories&post=10441"},{"taxonomy":"post_tag","embeddable":true,"href":"https:\/\/atecordoba.org\/index.php?rest_route=%2Fwp%2Fv2%2Ftags&post=10441"}],"curies":[{"name":"wp","href":"https:\/\/api.w.org\/{rel}","templated":true}]}}