{"id":10437,"date":"2018-10-02T11:39:57","date_gmt":"2018-10-02T14:39:57","guid":{"rendered":"http:\/\/www.atecordoba.org\/?p=10437"},"modified":"2018-10-02T11:39:57","modified_gmt":"2018-10-02T14:39:57","slug":"despidos-en-inta-ate-y-apinta-continuan-las-medidas","status":"publish","type":"post","link":"https:\/\/atecordoba.org\/?p=10437","title":{"rendered":"Despidos en INTA: ATE y APINTA contin\u00faan las medidas"},"content":{"rendered":"<p><em>Los trabajadores se manifestaron y fueron recibidos por el Presidente del organismo, pero ante la falta de respuestas redoblan la lucha.<\/em><\/p>\n<p><img loading=\"lazy\" decoding=\"async\" class=\"aligncenter size-full wp-image-10438\" src=\"http:\/\/www.atecordoba.org\/wp-content\/uploads\/2018\/10\/INTA-e1538490971811.jpg\" alt=\"\" width=\"550\" height=\"309\"><\/p>\n<p>El pasado viernes 28 de septiembre ATE se manifest\u00f3 en una jornada unitaria con el sindicato sectorial APINTA para exigir la reincorporaci\u00f3n &nbsp;de 18 trabajadores, precarizados y con contrato con la Fundaci\u00f3n ArgenINTA, que fueron despedidos la semana pasada. Los gremios fueron recibidos por el Presidente del organismo, Juan Balb\u00edn, quien no dio una respuesta favorable a los reclamos. Ante esto, las organizaciones definieron continuar el plan de lucha y movilizar hoy.<\/p>\n<p>Jos\u00e9 Luis Perea, delegado general de ATE INTA, relat\u00f3 que, en la reuni\u00f3n, Balb\u00edn plante\u00f3 que el gremio estatal no ten\u00eda incumbencia en el conflicto. \u201cNosotros decimos que s\u00ed es nuestro \u00e1mbito, porque los despedidos son nuestros compa\u00f1eros y estamos por la reincorporaci\u00f3n de todos\u201d, resalt\u00f3.<\/p>\n<p>En respuesta, la asamblea general unitaria de trabajadores, realizada en la sede central de INTA en CABA, resolvi\u00f3 movilizar hoy a las 13 horas, cuando estar\u00e1 reunido el directorio. En paralelo, ATE desarrollar\u00e1 el plan de lucha que ya fue votado en INTA Castelar.<\/p>\n<p><strong>\u201cSi los tocan a ellos, nos tocan a todos\u201d<\/strong><\/p>\n<p>En la jornada unitaria de lucha tambi\u00e9n participaron juntas internas de ATE de otros organismos, como SENASA.<\/p>\n<p>En el marco del acto realizado frente a la sede de Rivadavia 1439 (CABA), Perea expres\u00f3: \u201cEl ajuste es brutal y no hay margen para grandes diferencias. Por eso, adem\u00e1s de APINTA y otros sectores, nos acompa\u00f1a una cantidad de trabajadorxs que no est\u00e1n afiliados pero que ven con gran simpat\u00eda esta acci\u00f3n en unidad\u201d.<\/p>\n<p>Respecto a los despidos, el dirigente afirm\u00f3: \u201cLos directivos est\u00e1n echando le\u00f1a al fuego y est\u00e1n iniciando los despidos en INTA. Nosotrxs consideramos que con muy poco esfuerzo INTA puede incorporar a los trabajadores que trabajan en el organismo pero pertenecen a la Fundaci\u00f3n\u201d.<\/p>\n<p>A su turno, Mario Romero, secretario general de APINTA, apunt\u00f3 a la responsabilidad de Balb\u00edn. \u201cEl consejo directivo de INTA no se puede hacer el distra\u00eddo de que no son parte del gerenciamiento de la fundaci\u00f3n ArgenINTA. Desde su aparici\u00f3n, es administrada por Balb\u00edn y los consejeros que representan a cada entidad del campo\u201d, resalt\u00f3. &nbsp;<\/p>\n<p>Por su parte, Carina Maloberti, de ATE SENASA manifest\u00f3: \u201cLos trabajadores de INTA fueron solidarios con nuestro conflicto y con el de todos los compa\u00f1eros de Agroindustria en los momentos m\u00e1s duros. Por eso, era nuestro deber estar ac\u00e1 ante la primera amanaza de cesant\u00edas y despidos\u201d. Y detall\u00f3 que en SENASA hay 500 trabajadores precarizados que cobran de ArgenINTA.<\/p>\n<p>Por \u00faltimo, Maloberti advirti\u00f3 que, si no hay reincorporaci\u00f3n, la coordinaci\u00f3n de los organismos de Agroindustria, hoy dependientes del Ministerio de Producci\u00f3n y Trabajo, redoblaran la unidad en la lucha. \u201cSi los tocan a ellos, nos tocan a todos\u201d, lanz\u00f3.<\/p>\n","protected":false},"excerpt":{"rendered":"<p>Los trabajadores se manifestaron y fueron recibidos por el Presidente del organismo, pero ante la falta de respuestas redoblan la lucha. El pasado viernes 28 de septiembre ATE se manifest\u00f3 en una jornada unitaria con el sindicato sectorial APINTA para exigir la reincorporaci\u00f3n &nbsp;de 18 trabajadores, precarizados y con contrato con la Fundaci\u00f3n ArgenINTA, que [&hellip;]<\/p>\n","protected":false},"author":1,"featured_media":19220,"comment_status":"open","ping_status":"open","sticky":false,"template":"","format":"standard","meta":{"_exactmetrics_skip_tracking":false,"_exactmetrics_sitenote_active":false,"_exactmetrics_sitenote_note":"","_exactmetrics_sitenote_category":0,"jnews-multi-image_gallery":[],"jnews_single_post":[],"jnews_primary_category":[],"jnews_social_meta":[],"jnews_review":[],"enable_review":"","type":"","name":"","summary":"","brand":"","sku":"","good":[],"bad":[],"score_override":"","override_value":"","rating":[],"price":[],"jnews_override_counter":[],"jnews_post_split":[],"footnotes":""},"categories":[139],"tags":[],"class_list":["post-10437","post","type-post","status-publish","format-standard","has-post-thumbnail","hentry","category-inta"],"jetpack_featured_media_url":"https:\/\/atecordoba.org\/wp-content\/uploads\/2020\/05\/logo-nuevochico-e1561581322808.png","_links":{"self":[{"href":"https:\/\/atecordoba.org\/index.php?rest_route=\/wp\/v2\/posts\/10437","targetHints":{"allow":["GET"]}}],"collection":[{"href":"https:\/\/atecordoba.org\/index.php?rest_route=\/wp\/v2\/posts"}],"about":[{"href":"https:\/\/atecordoba.org\/index.php?rest_route=\/wp\/v2\/types\/post"}],"author":[{"embeddable":true,"href":"https:\/\/atecordoba.org\/index.php?rest_route=\/wp\/v2\/users\/1"}],"replies":[{"embeddable":true,"href":"https:\/\/atecordoba.org\/index.php?rest_route=%2Fwp%2Fv2%2Fcomments&post=10437"}],"version-history":[{"count":0,"href":"https:\/\/atecordoba.org\/index.php?rest_route=\/wp\/v2\/posts\/10437\/revisions"}],"wp:featuredmedia":[{"embeddable":true,"href":"https:\/\/atecordoba.org\/index.php?rest_route=\/wp\/v2\/media\/19220"}],"wp:attachment":[{"href":"https:\/\/atecordoba.org\/index.php?rest_route=%2Fwp%2Fv2%2Fmedia&parent=10437"}],"wp:term":[{"taxonomy":"category","embeddable":true,"href":"https:\/\/atecordoba.org\/index.php?rest_route=%2Fwp%2Fv2%2Fcategories&post=10437"},{"taxonomy":"post_tag","embeddable":true,"href":"https:\/\/atecordoba.org\/index.php?rest_route=%2Fwp%2Fv2%2Ftags&post=10437"}],"curies":[{"name":"wp","href":"https:\/\/api.w.org\/{rel}","templated":true}]}}