{"id":10430,"date":"2018-10-02T09:38:59","date_gmt":"2018-10-02T12:38:59","guid":{"rendered":"http:\/\/www.atecordoba.org\/?p=10430"},"modified":"2018-10-02T09:38:59","modified_gmt":"2018-10-02T12:38:59","slug":"arranco-el-acampe-contra-el-presupuesto-del-ajuste-de-macri-y-el-fmi","status":"publish","type":"post","link":"https:\/\/atecordoba.org\/?p=10430","title":{"rendered":"Arranc\u00f3 el acampe contra el Presupuesto del ajuste de Macri y el FMI"},"content":{"rendered":"<p><em>Trabajadores y trabajadoras reclamar\u00e1n frente al Congreso Nacional durante toda la semana por un Presupuesto que desarrolle el Trabajo, la Producci\u00f3n y la Soberan\u00eda Nacional.<\/em><\/p>\n<div class=\"epyt-video-wrapper\"><iframe loading=\"lazy\"  style=\"display: block; margin: 0px auto;\"  id=\"_ytid_15254\"  width=\"480\" height=\"270\"  data-origwidth=\"480\" data-origheight=\"270\" src=\"https:\/\/www.youtube.com\/embed\/1458enEwcDE?enablejsapi=1&#038;autoplay=0&#038;cc_load_policy=0&#038;cc_lang_pref=&#038;iv_load_policy=3&#038;loop=0&#038;rel=0&#038;fs=1&#038;playsinline=0&#038;autohide=2&#038;theme=dark&#038;color=red&#038;controls=1&#038;disablekb=0&#038;\" class=\"__youtube_prefs__  epyt-is-override  no-lazyload\" title=\"YouTube player\"  allow=\"fullscreen; accelerometer; autoplay; clipboard-write; encrypted-media; gyroscope; picture-in-picture; web-share\" referrerpolicy=\"strict-origin-when-cross-origin\" allowfullscreen data-no-lazy=\"1\" data-skipgform_ajax_framebjll=\"\"><\/iframe><\/div>\n<p style=\"font-weight: 400;\">En la tarde de ayer ATE y la CTA Aut\u00f3noma, junto a una gran cantidad de organizaciones sindicales y sociales, instalaron frente al Congreso de la Naci\u00f3n una carpa en contra del Presupuesto Nacional del ajuste pactado por el Gobierno de Macri junto al Fondo Monetario Internacional para el 2019. El acampe, que durar\u00e1 hasta el pr\u00f3ximo viernes, arranc\u00f3 con una Marcha de Antorchas protagonizada por los mineros de Yacimientos Carbon\u00edferos R\u00edo Turbio, pero contar\u00e1 adem\u00e1s con actividades de varios sectores, como la Educaci\u00f3n, la Salud y la Producci\u00f3n.<\/p>\n<p style=\"font-weight: 400;\">Hoy a las 14hs se realizar\u00e1 la presentaci\u00f3n de un documento cr\u00edtico contra el Presupuesto, con la presencia de diputados y senadores nacionales de todos los bloques.<\/p>\n<p style=\"font-weight: 400;\">El Secretario General de la CTA-A, Ricardo Peidro, explic\u00f3: \u201cVamos a expresar, en estos d\u00edas, no solamente el rechazo a este Presupuesto que significa mayor ajuste y m\u00e1s penurias para la clase trabajadora de nuestro pueblo, sino que tambi\u00e9n vamos a poder expresar nuestras propuestas alternativas. Es mentira que este sea el \u00fanico Presupuesto viable: lo \u00fanico que expresa es la visi\u00f3n de \u00e9ste Gobierno sobre a qui\u00e9n hay que ajustar y qui\u00e9nes tienen que ganar en esta sociedad. Las treinta empresas m\u00e1s grandes duplicaron sus ganancias pr\u00e1cticamente sin retenciones, porque las que les pusieron fueron en pesos, as\u00ed que su aporte est\u00e1 completamente devaluado. Por otra parte, vemos aumento de la desocupaci\u00f3n y aumento de la pobreza. M\u00e1s del 40 por ciento de nuestros pibes y pibas est\u00e1n en situaci\u00f3n de pobreza. Y por si todo esto fuera poco, tenemos que aguantar que el Presidente Macri diga que nunca un gobierno estuvo tan cerca de los trabajadores\u201d.<\/p>\n<p><img loading=\"lazy\" decoding=\"async\" class=\"aligncenter size-full wp-image-10431\" src=\"http:\/\/www.atecordoba.org\/wp-content\/uploads\/2018\/10\/13389_9387-e1538483886730.jpg\" alt=\"\" width=\"550\" height=\"367\"><\/p>\n<p style=\"font-weight: 400;\">Por su parte, el Secretario General Adjunto de la CTA-A y Secretario General de ATE Nacional, Hugo \u2018Cachorro\u2019 Godoy, detall\u00f3: \u201cDesde la CTA Aut\u00f3noma hemos decidido darle continuidad al plan de lucha, luego del extraordinario Paro Activo de 36 horas realizado la semana pasada, y ante la falta de respuestas por parte del Gobierno a nuestros reclamos. Peor a\u00fan: Est\u00e1n presentando un proyecto de Ley de Presupuesto que es criminal para el cuerpo econ\u00f3mico y social de nuestro pa\u00eds, porque agudiza la recesi\u00f3n y porque lo que m\u00e1s aumenta es el pago de intereses de deuda. Se reducen las partidas en Vivienda, en Educaci\u00f3n y en Salud, y va a generar m\u00e1s desempleo. No podemos permitirlo, y por eso hay que decirles a diputados y senadores que no voten este proyecto de Ley\u201d.<\/p>\n<p style=\"font-weight: 400;\">\u201cHay posibilidad de construir otro proyecto de Presupuesto, basado en el Trabajo, la Producci\u00f3n y la Soberan\u00eda, pero para eso hay que escuchar a los trabajadores, a las organizaciones de peque\u00f1os y medianos empresarios, al campesinado, a la universidad nacional, y no poner al Estado al servicio de las transnacionales financieras que evaden, eluden y fugan los capitales de nuestro pa\u00eds, llev\u00e1ndose al exterior la riqueza que generamos los argentinos. Este campamento va a ser un espacio de unidad popular que, durante toda la semana, va a decirle que no al Fondo Monetario Internacional y s\u00ed a un Presupuesto que genere Trabajo, Producci\u00f3n y Soberan\u00eda Nacional\u201d, agreg\u00f3 \u2018Cachorro\u2019 Godoy.<\/p>\n<p><img loading=\"lazy\" decoding=\"async\" class=\"aligncenter size-full wp-image-10432\" src=\"http:\/\/www.atecordoba.org\/wp-content\/uploads\/2018\/10\/13389_9388-e1538483912196.jpg\" alt=\"\" width=\"550\" height=\"367\"><\/p>\n<p style=\"font-weight: 400;\">A su turno, la Secretaria General Adjunta de la CTA-A, Claudia Baigorria, destac\u00f3: \u201cEste Presupuesto de ajuste prev\u00e9 una pol\u00edtica cambiaria con el d\u00f3lar a 40 pesos, barrera que ya ha sido superada. Por otro lado, establece una proyecci\u00f3n de inflaci\u00f3n que no se acerca ni de casualidad a los \u00edndices reales: Todo el mundo sabe que van a ser superiores al 45 por ciento, e incluso algunos analistas hablan de que ser\u00e1 cercana al 50 por ciento. Todo esto supone una gran licuaci\u00f3n de lo que ser\u00e1 el Presupuesto, la inversi\u00f3n para Salud, Educaci\u00f3n, Previsi\u00f3n y Seguridad Social. Lo \u00fanico que hace este proyecto es privilegiar el pago de los intereses de la obscena deuda externa que contrajo el Gobierno de Macri. El pago de esos intereses supondr\u00e1 el 18 por ciento del Presupuesto global. Es un gasto enorme que podr\u00eda ser invertido tranquilamente en comedores, en escuelas, y en sacar a tant\u00edsimas familias de la pobreza y la indigencia\u201d.<\/p>\n<p style=\"font-weight: 400;\">Silvia Le\u00f3n, Secretaria de G\u00e9nero e Igualdad de Oportunidades de la CTA-A y Secretaria de Organizaci\u00f3n de ATE Nacional, manifest\u00f3: \u201cDespu\u00e9s de los anuncios del Gobierno de su supuesta intenci\u00f3n de querer avanzar hacia la equidad de g\u00e9nero, y despu\u00e9s de las movilizaciones masivas de las mujeres en estos \u00faltimos a\u00f1os, el proyecto de Presupuesto Nacional para el 2019 de Macri y del FMI s\u00f3lo destinar\u00e1 a pol\u00edticas de g\u00e9nero un 0,22 por ciento de lo que asignar\u00e1 al pago de intereses de la deuda externa. Por lo tanto, durante esta semana vamos a estar en este acampe exigiendo junto al conjunto de las organizaciones sociales y de trabajadoras por m\u00e1s presupuesto para las pol\u00edticas de g\u00e9nero, y exigi\u00e9ndoles a los diputados y senadores que no aprueben este Presupuesto de Ajuste\u201d.<\/p>\n","protected":false},"excerpt":{"rendered":"<p>Trabajadores y trabajadoras reclamar\u00e1n frente al Congreso Nacional durante toda la semana por un Presupuesto que desarrolle el Trabajo, la Producci\u00f3n y la Soberan\u00eda Nacional. En la tarde de ayer ATE y la CTA Aut\u00f3noma, junto a una gran cantidad de organizaciones sindicales y sociales, instalaron frente al Congreso de la Naci\u00f3n una carpa en [&hellip;]<\/p>\n","protected":false},"author":1,"featured_media":19220,"comment_status":"open","ping_status":"open","sticky":false,"template":"","format":"standard","meta":{"_exactmetrics_skip_tracking":false,"_exactmetrics_sitenote_active":false,"_exactmetrics_sitenote_note":"","_exactmetrics_sitenote_category":0,"jnews-multi-image_gallery":[],"jnews_single_post":[],"jnews_primary_category":[],"jnews_social_meta":[],"jnews_review":[],"enable_review":"","type":"","name":"","summary":"","brand":"","sku":"","good":[],"bad":[],"score_override":"","override_value":"","rating":[],"price":[],"jnews_override_counter":[],"jnews_post_split":[],"footnotes":""},"categories":[10],"tags":[],"class_list":["post-10430","post","type-post","status-publish","format-standard","has-post-thumbnail","hentry","category-accion-politica"],"jetpack_featured_media_url":"https:\/\/atecordoba.org\/wp-content\/uploads\/2020\/05\/logo-nuevochico-e1561581322808.png","_links":{"self":[{"href":"https:\/\/atecordoba.org\/index.php?rest_route=\/wp\/v2\/posts\/10430","targetHints":{"allow":["GET"]}}],"collection":[{"href":"https:\/\/atecordoba.org\/index.php?rest_route=\/wp\/v2\/posts"}],"about":[{"href":"https:\/\/atecordoba.org\/index.php?rest_route=\/wp\/v2\/types\/post"}],"author":[{"embeddable":true,"href":"https:\/\/atecordoba.org\/index.php?rest_route=\/wp\/v2\/users\/1"}],"replies":[{"embeddable":true,"href":"https:\/\/atecordoba.org\/index.php?rest_route=%2Fwp%2Fv2%2Fcomments&post=10430"}],"version-history":[{"count":0,"href":"https:\/\/atecordoba.org\/index.php?rest_route=\/wp\/v2\/posts\/10430\/revisions"}],"wp:featuredmedia":[{"embeddable":true,"href":"https:\/\/atecordoba.org\/index.php?rest_route=\/wp\/v2\/media\/19220"}],"wp:attachment":[{"href":"https:\/\/atecordoba.org\/index.php?rest_route=%2Fwp%2Fv2%2Fmedia&parent=10430"}],"wp:term":[{"taxonomy":"category","embeddable":true,"href":"https:\/\/atecordoba.org\/index.php?rest_route=%2Fwp%2Fv2%2Fcategories&post=10430"},{"taxonomy":"post_tag","embeddable":true,"href":"https:\/\/atecordoba.org\/index.php?rest_route=%2Fwp%2Fv2%2Ftags&post=10430"}],"curies":[{"name":"wp","href":"https:\/\/api.w.org\/{rel}","templated":true}]}}