{"id":10425,"date":"2018-10-02T08:54:49","date_gmt":"2018-10-02T11:54:49","guid":{"rendered":"http:\/\/www.atecordoba.org\/?p=10425"},"modified":"2018-10-02T08:54:49","modified_gmt":"2018-10-02T11:54:49","slug":"movilizaciones-y-acciones-de-protesta-en-las-seccionales-durante-el-paro-general","status":"publish","type":"post","link":"https:\/\/atecordoba.org\/?p=10425","title":{"rendered":"Movilizaciones y acciones de protesta en las seccionales durante el paro general"},"content":{"rendered":"<p><em>Tanto en Villa Mar\u00eda, como en Rio Cuarto y R\u00edo Tercero, se llevaron a cabo actividades conjuntas con organizaciones gremiales y sociales que acuerdan con ATE el repudio a las pol\u00edticas de Macri.<\/em><\/p>\n<figure id=\"attachment_10428\" aria-describedby=\"caption-attachment-10428\" style=\"width: 550px\" class=\"wp-caption aligncenter\"><img loading=\"lazy\" decoding=\"async\" class=\"wp-image-10428 size-full\" src=\"http:\/\/www.atecordoba.org\/wp-content\/uploads\/2018\/10\/villa-maria-2-e1538481025120.jpg\" alt=\"\" width=\"550\" height=\"367\"><figcaption id=\"caption-attachment-10428\" class=\"wp-caption-text\">Fernando Mercado, secretario General de ATE Villa Mar\u00eda, durante el acto.<\/figcaption><\/figure>\n<p>Tal como registraron los medios locales, ATE gan\u00f3 protagonismo en el interior provincial al integrar diversos frentes que oponen resistencia al gobierno nacional y que se expresaron con contundencia los pasados&nbsp; 24 y 25 de septiembre.<\/p>\n<p>En Villa Mar\u00eda, el secretario General de la seccional, Fernando Mercado, realiz\u00f3 durante el acto, desde el palco ubicado en General Paz y Buenos Aires, reclam\u00f3 al presidente&nbsp;Mauricio Macri&nbsp;que renuncie.<\/p>\n<p>\u201cMiles de compa\u00f1eros se movilizan hoy a lo largo y a la ancho de todo el territorio argentino para decirle al presidente que no se aguanta m\u00e1s y mientras el est\u00e1 arrodillado en Estados Unidos. Le queremos decir que nosotros no nos arrodillamos ante nadie\u201d, dispar\u00f3 el sindicalista kirchnerista.<\/p>\n<p>\u201cUn gobierno -al referirse al que lidera Macri- que lo \u00fanico que hace constantemente es hablar de la grieta. Pero lo \u00fanico que hizo es sacarle al que menos tiene,&nbsp; para ponerlo en el bolsillo de los que m\u00e1s tienen. Lo que quieren es retroceder 70 a\u00f1os para atr\u00e1s\u201d.<\/p>\n<p><strong>R\u00edo Cuarto<\/strong><\/p>\n<p>En la ciudad del seur provincial, los compa\u00f1eros se concentraron en Marcelo T. de Alvear y Qu\u00edrico Porreca y desde all\u00ed se movilizaron hasta plaza Roca, en el centro de la ciudad, donde realizaron una olla popular.<\/p>\n<figure id=\"attachment_10426\" aria-describedby=\"caption-attachment-10426\" style=\"width: 550px\" class=\"wp-caption aligncenter\"><img loading=\"lazy\" decoding=\"async\" class=\"wp-image-10426 size-full\" src=\"http:\/\/www.atecordoba.org\/wp-content\/uploads\/2018\/10\/rio-cuarto-e1538481042264.jpg\" alt=\"\" width=\"550\" height=\"413\"><figcaption id=\"caption-attachment-10426\" class=\"wp-caption-text\">La secretaria Adjunta de ATE R\u00edo Cuarto, Gabriela Alcoba, en la marcha junto a compa\u00f1eros de nuestro gremio.<\/figcaption><\/figure>\n<p>\u201cHoy hemos decidido marchar junto a distintas organizaciones de la ciudad para expresar nuestro rechazo ante el ajuste feroz que est\u00e1 llevando a cabo Mauricio Macri. Vemos que siempre el hilo se corta por lo m\u00e1s delgado que somos los trabajadores. Este a\u00f1o se perdieron much\u00edsimos m\u00e1s empleos que en 2016 y el ajuste siempre apunta a los sectores m\u00e1s vulnerables. Venimos a decirle que no estamos de acuerdo con las pol\u00edticas econ\u00f3micas y que la vamos a resistir. Tendr\u00e1n que dar un viro a su pol\u00edtica o dar un paso al costado porque esto es insostenible\u201d, expres\u00f3 Walter \u00c1valos, secretario general de ATE R\u00edo Cuarto.<\/p>\n<p>En tal sentido, el dirigente se\u00f1al\u00f3 que \u201ctodo paro es pol\u00edtico&#8221;. &#8220;No escondemos nuestras intencionalidades y que tienen que ver con el repudio a las pol\u00edticas de este Gobierno que genera mayor p\u00e9rdida de trabajo. No llegamos a fin de mes, por eso luego de haber intentado el di\u00e1logo el \u00fanico camino que nos queda es el de la lucha\u201d.<\/p>\n<p><strong>R\u00edo Tercero<\/strong><\/p>\n<p>A su vez, R\u00edo Tercero comenz\u00f3 la jornada de lucha con el corte de la ruta provincial n\u00b0 5 a la altura de la localidad de Tancacha en conjunto con la Mesa de Unidad Sindical y la CTA aut\u00f3noma Regional R\u00edo Tercero. &#8220;Ante el anuncio de despidos en la planta de BUNGE , somos profundamente solidarios con todos aquellos compa\u00f1eros que siempre estuvieron cuando los necesitamos&#8221; afirm\u00f3 Cristi\u00e1n Colman Secretario General de ATE .&nbsp;<\/p>\n<figure id=\"attachment_10427\" aria-describedby=\"caption-attachment-10427\" style=\"width: 550px\" class=\"wp-caption aligncenter\"><img loading=\"lazy\" decoding=\"async\" class=\"wp-image-10427 size-full\" src=\"http:\/\/www.atecordoba.org\/wp-content\/uploads\/2018\/10\/rio-tercero-e1538481064888.jpg\" alt=\"\" width=\"550\" height=\"367\"><figcaption id=\"caption-attachment-10427\" class=\"wp-caption-text\">ATE, presente en Tancacha. El secretario General de la CTA-A R\u00edo Tercero, dirigi\u00e9ndose a los trabajadores presentes durante la protesta.<\/figcaption><\/figure>\n<p>La acci\u00f3n de protesta se realiz\u00f3 con organizaciones gremiales como el Sindicato de Obreros y Empleados Aceiteros de Tancacha, y en la misma actividad tambi\u00e9n estuvo presente el Secretario General de la CTA Aut\u00f3noma Provincial Federico Giuliani.&nbsp;<\/p>\n","protected":false},"excerpt":{"rendered":"<p>Tanto en Villa Mar\u00eda, como en Rio Cuarto y R\u00edo Tercero, se llevaron a cabo actividades conjuntas con organizaciones gremiales y sociales que acuerdan con ATE el repudio a las pol\u00edticas de Macri. Tal como registraron los medios locales, ATE gan\u00f3 protagonismo en el interior provincial al integrar diversos frentes que oponen resistencia al gobierno [&hellip;]<\/p>\n","protected":false},"author":1,"featured_media":19220,"comment_status":"open","ping_status":"open","sticky":false,"template":"","format":"standard","meta":{"_exactmetrics_skip_tracking":false,"_exactmetrics_sitenote_active":false,"_exactmetrics_sitenote_note":"","_exactmetrics_sitenote_category":0,"jnews-multi-image_gallery":[],"jnews_single_post":[],"jnews_primary_category":[],"jnews_social_meta":[],"jnews_review":[],"enable_review":"","type":"","name":"","summary":"","brand":"","sku":"","good":[],"bad":[],"score_override":"","override_value":"","rating":[],"price":[],"jnews_override_counter":[],"jnews_post_split":[],"footnotes":""},"categories":[21],"tags":[],"class_list":["post-10425","post","type-post","status-publish","format-standard","has-post-thumbnail","hentry","category-paro-nacional"],"jetpack_featured_media_url":"https:\/\/atecordoba.org\/wp-content\/uploads\/2020\/05\/logo-nuevochico-e1561581322808.png","_links":{"self":[{"href":"https:\/\/atecordoba.org\/index.php?rest_route=\/wp\/v2\/posts\/10425","targetHints":{"allow":["GET"]}}],"collection":[{"href":"https:\/\/atecordoba.org\/index.php?rest_route=\/wp\/v2\/posts"}],"about":[{"href":"https:\/\/atecordoba.org\/index.php?rest_route=\/wp\/v2\/types\/post"}],"author":[{"embeddable":true,"href":"https:\/\/atecordoba.org\/index.php?rest_route=\/wp\/v2\/users\/1"}],"replies":[{"embeddable":true,"href":"https:\/\/atecordoba.org\/index.php?rest_route=%2Fwp%2Fv2%2Fcomments&post=10425"}],"version-history":[{"count":0,"href":"https:\/\/atecordoba.org\/index.php?rest_route=\/wp\/v2\/posts\/10425\/revisions"}],"wp:featuredmedia":[{"embeddable":true,"href":"https:\/\/atecordoba.org\/index.php?rest_route=\/wp\/v2\/media\/19220"}],"wp:attachment":[{"href":"https:\/\/atecordoba.org\/index.php?rest_route=%2Fwp%2Fv2%2Fmedia&parent=10425"}],"wp:term":[{"taxonomy":"category","embeddable":true,"href":"https:\/\/atecordoba.org\/index.php?rest_route=%2Fwp%2Fv2%2Fcategories&post=10425"},{"taxonomy":"post_tag","embeddable":true,"href":"https:\/\/atecordoba.org\/index.php?rest_route=%2Fwp%2Fv2%2Ftags&post=10425"}],"curies":[{"name":"wp","href":"https:\/\/api.w.org\/{rel}","templated":true}]}}