{"id":10422,"date":"2018-10-01T14:29:03","date_gmt":"2018-10-01T17:29:03","guid":{"rendered":"http:\/\/www.atecordoba.org\/?p=10422"},"modified":"2018-10-01T14:29:03","modified_gmt":"2018-10-01T17:29:03","slug":"con-nuevas-elecciones-de-delegados-ate-consolida-estructura-organizativa-en-cordoba","status":"publish","type":"post","link":"https:\/\/atecordoba.org\/?p=10422","title":{"rendered":"Con nuevas elecciones de delegados ATE consolida estructura organizativa en C\u00f3rdoba"},"content":{"rendered":"<p><em>Trabajadores de ANSES, PAMI y Conicet eligieron representantes de ATE.<\/em><\/p>\n<p><img loading=\"lazy\" decoding=\"async\" class=\"aligncenter size-full wp-image-10423\" src=\"http:\/\/www.atecordoba.org\/wp-content\/uploads\/2018\/10\/conicet-eleccion-delegados-e1538414891662.jpeg\" alt=\"\" width=\"450\" height=\"800\"><\/p>\n<p>En el caso de PAMI, los trabajadores de la UGL3 votaron el pasado 24 de septimbre, eligiendo a los compa\u00f1eros Estela Baigorria, Estela Corzo, Jos\u00e9 Moretti y Elisa Ojeda.&nbsp;<\/p>\n<p>En tanto en el ANSES los compa\u00f1eros de la UDAI1 votaron el 25 de julio a los nuevos delegados Bernabela R\u00edos, Mariano Pezzi y Lucas Llorens.&nbsp;<\/p>\n<p>Por \u00faltimo, en el Conicet los trabajadores del complejo cient\u00edfico t\u00e9cnico concurrienron masivamente a votar el 19 de septiembre y se inclinaron como representantes por las compa\u00f1eras&nbsp;Lorena Capogrossi, Stefan\u00eda Castell\u00f3, Macarena Fernandez y Manuela Quiroga.<\/p>\n<p>De esta forma, ATE consolida su estructura organizativo-gremial y suma nuevos compa\u00f1eros al cuerpo de delegados.<\/p>\n","protected":false},"excerpt":{"rendered":"<p>Trabajadores de ANSES, PAMI y Conicet eligieron representantes de ATE. En el caso de PAMI, los trabajadores de la UGL3 votaron el pasado 24 de septimbre, eligiendo a los compa\u00f1eros Estela Baigorria, Estela Corzo, Jos\u00e9 Moretti y Elisa Ojeda.&nbsp; En tanto en el ANSES los compa\u00f1eros de la UDAI1 votaron el 25 de julio a [&hellip;]<\/p>\n","protected":false},"author":1,"featured_media":19220,"comment_status":"open","ping_status":"open","sticky":false,"template":"","format":"standard","meta":{"_exactmetrics_skip_tracking":false,"_exactmetrics_sitenote_active":false,"_exactmetrics_sitenote_note":"","_exactmetrics_sitenote_category":0,"jnews-multi-image_gallery":[],"jnews_single_post":[],"jnews_primary_category":[],"jnews_social_meta":[],"jnews_review":[],"enable_review":"","type":"","name":"","summary":"","brand":"","sku":"","good":[],"bad":[],"score_override":"","override_value":"","rating":[],"price":[],"jnews_override_counter":[],"jnews_post_split":[],"footnotes":""},"categories":[145],"tags":[],"class_list":["post-10422","post","type-post","status-publish","format-standard","has-post-thumbnail","hentry","category-delegados"],"jetpack_featured_media_url":"https:\/\/atecordoba.org\/wp-content\/uploads\/2020\/05\/logo-nuevochico-e1561581322808.png","_links":{"self":[{"href":"https:\/\/atecordoba.org\/index.php?rest_route=\/wp\/v2\/posts\/10422","targetHints":{"allow":["GET"]}}],"collection":[{"href":"https:\/\/atecordoba.org\/index.php?rest_route=\/wp\/v2\/posts"}],"about":[{"href":"https:\/\/atecordoba.org\/index.php?rest_route=\/wp\/v2\/types\/post"}],"author":[{"embeddable":true,"href":"https:\/\/atecordoba.org\/index.php?rest_route=\/wp\/v2\/users\/1"}],"replies":[{"embeddable":true,"href":"https:\/\/atecordoba.org\/index.php?rest_route=%2Fwp%2Fv2%2Fcomments&post=10422"}],"version-history":[{"count":0,"href":"https:\/\/atecordoba.org\/index.php?rest_route=\/wp\/v2\/posts\/10422\/revisions"}],"wp:featuredmedia":[{"embeddable":true,"href":"https:\/\/atecordoba.org\/index.php?rest_route=\/wp\/v2\/media\/19220"}],"wp:attachment":[{"href":"https:\/\/atecordoba.org\/index.php?rest_route=%2Fwp%2Fv2%2Fmedia&parent=10422"}],"wp:term":[{"taxonomy":"category","embeddable":true,"href":"https:\/\/atecordoba.org\/index.php?rest_route=%2Fwp%2Fv2%2Fcategories&post=10422"},{"taxonomy":"post_tag","embeddable":true,"href":"https:\/\/atecordoba.org\/index.php?rest_route=%2Fwp%2Fv2%2Ftags&post=10422"}],"curies":[{"name":"wp","href":"https:\/\/api.w.org\/{rel}","templated":true}]}}