{"id":10419,"date":"2018-10-01T13:30:35","date_gmt":"2018-10-01T16:30:35","guid":{"rendered":"http:\/\/www.atecordoba.org\/?p=10419"},"modified":"2018-10-01T13:30:35","modified_gmt":"2018-10-01T16:30:35","slug":"jornada-de-protesta-en-defensa-de-la-salud-publica-y-gratuita","status":"publish","type":"post","link":"https:\/\/atecordoba.org\/?p=10419","title":{"rendered":"Jornada de protesta en defensa de la salud p\u00fablica y gratuita"},"content":{"rendered":"<p><em>En el marco del plan de lucha en defensa de la salud p\u00fablica, el d\u00eda 4 de octubre se realizar\u00e1 en todo el pa\u00eds una protesta por el programa de ajuste macrista y sus socios, los gobernadores alineados con las pol\u00edticas producto del pacto con el FMI.<\/em><\/p>\n<p><img loading=\"lazy\" decoding=\"async\" class=\"aligncenter size-full wp-image-10420\" src=\"http:\/\/www.atecordoba.org\/wp-content\/uploads\/2018\/10\/photo5109757162699204549-e1538411396716.jpg\" alt=\"\" width=\"550\" height=\"309\"><\/p>\n<p>En C\u00f3rdoba, los trabajadores nos manifestaremos en adhesi\u00f3n a la Marcha Federal en Defensa de la Salud P\u00fablica y en repudio a la degradaci\u00f3n del Ministerio a Secretaria de Salud.<\/p>\n<p>Nos manifestamos porque:<\/p>\n<ul>\n<li>La pobreza y las malas condiciones de vida generan enfermedad y muertes en la poblaci\u00f3n.<\/li>\n<li>Macri y Schiaretti son responsables.<\/li>\n<li>La salud es un derecho. No es un privilegio ni un negocio.<\/li>\n<\/ul>\n<p>Repudiamos:<\/p>\n<ul>\n<li>El cierre del Ministerio de Salud de la Naci\u00f3n<\/li>\n<li>El desabastecimiento de los hospitales<\/li>\n<li>La eliminaci\u00f3n de programas esenciales de salud<\/li>\n<li>La privatizaci\u00f3n de servicios<\/li>\n<li>La precarizaci\u00f3n y los despidos de trabajadores<\/li>\n<li>La falta de medicamentos, insumos y vacunas<\/li>\n<li>El recorte de pensiones por discapacidad<\/li>\n<li>La reducci\u00f3n de presupuesto<\/li>\n<\/ul>\n<p>Convocamos a las 10 horas en el Polo Sanitario.<\/p>\n","protected":false},"excerpt":{"rendered":"<p>En el marco del plan de lucha en defensa de la salud p\u00fablica, el d\u00eda 4 de octubre se realizar\u00e1 en todo el pa\u00eds una protesta por el programa de ajuste macrista y sus socios, los gobernadores alineados con las pol\u00edticas producto del pacto con el FMI. En C\u00f3rdoba, los trabajadores nos manifestaremos en adhesi\u00f3n [&hellip;]<\/p>\n","protected":false},"author":1,"featured_media":19220,"comment_status":"open","ping_status":"open","sticky":false,"template":"","format":"standard","meta":{"_exactmetrics_skip_tracking":false,"_exactmetrics_sitenote_active":false,"_exactmetrics_sitenote_note":"","_exactmetrics_sitenote_category":0,"jnews-multi-image_gallery":[],"jnews_single_post":[],"jnews_primary_category":[],"jnews_social_meta":[],"jnews_review":[],"enable_review":"","type":"","name":"","summary":"","brand":"","sku":"","good":[],"bad":[],"score_override":"","override_value":"","rating":[],"price":[],"jnews_override_counter":[],"jnews_post_split":[],"footnotes":""},"categories":[102],"tags":[],"class_list":["post-10419","post","type-post","status-publish","format-standard","has-post-thumbnail","hentry","category-salud-2"],"jetpack_featured_media_url":"https:\/\/atecordoba.org\/wp-content\/uploads\/2020\/05\/logo-nuevochico-e1561581322808.png","_links":{"self":[{"href":"https:\/\/atecordoba.org\/index.php?rest_route=\/wp\/v2\/posts\/10419","targetHints":{"allow":["GET"]}}],"collection":[{"href":"https:\/\/atecordoba.org\/index.php?rest_route=\/wp\/v2\/posts"}],"about":[{"href":"https:\/\/atecordoba.org\/index.php?rest_route=\/wp\/v2\/types\/post"}],"author":[{"embeddable":true,"href":"https:\/\/atecordoba.org\/index.php?rest_route=\/wp\/v2\/users\/1"}],"replies":[{"embeddable":true,"href":"https:\/\/atecordoba.org\/index.php?rest_route=%2Fwp%2Fv2%2Fcomments&post=10419"}],"version-history":[{"count":0,"href":"https:\/\/atecordoba.org\/index.php?rest_route=\/wp\/v2\/posts\/10419\/revisions"}],"wp:featuredmedia":[{"embeddable":true,"href":"https:\/\/atecordoba.org\/index.php?rest_route=\/wp\/v2\/media\/19220"}],"wp:attachment":[{"href":"https:\/\/atecordoba.org\/index.php?rest_route=%2Fwp%2Fv2%2Fmedia&parent=10419"}],"wp:term":[{"taxonomy":"category","embeddable":true,"href":"https:\/\/atecordoba.org\/index.php?rest_route=%2Fwp%2Fv2%2Fcategories&post=10419"},{"taxonomy":"post_tag","embeddable":true,"href":"https:\/\/atecordoba.org\/index.php?rest_route=%2Fwp%2Fv2%2Ftags&post=10419"}],"curies":[{"name":"wp","href":"https:\/\/api.w.org\/{rel}","templated":true}]}}