{"id":10406,"date":"2018-09-24T17:15:12","date_gmt":"2018-09-24T20:15:12","guid":{"rendered":"http:\/\/www.atecordoba.org\/?p=10406"},"modified":"2018-09-24T17:15:12","modified_gmt":"2018-09-24T20:15:12","slug":"paro-nacional-ate-se-movilizo-en-cordoba-2","status":"publish","type":"post","link":"https:\/\/atecordoba.org\/?p=10406","title":{"rendered":"Paro nacional: ATE se moviliz\u00f3 en C\u00f3rdoba"},"content":{"rendered":"<p><em>Con abandono de tareas a las 12 y concentraci\u00f3n en el gremio, se inici\u00f3 hoy el paro de 36 horas resuelto por nuestra conducci\u00f3n nacional. Acto con la CGT.<\/em><\/p>\n<p><img loading=\"lazy\" decoding=\"async\" class=\"aligncenter size-full wp-image-10407\" src=\"http:\/\/www.atecordoba.org\/wp-content\/uploads\/2018\/09\/WhatsApp-Image-2018-09-24-at-15.32.35-e1537819929586.jpeg\" alt=\"\" width=\"550\" height=\"413\"><\/p>\n<p>Una ruidosa columna de estatales march\u00f3 hoy por las calles del centro de C\u00f3rdoba, en el marco del paro nacional de ATE y la CTA Aut\u00f3noma en todo el pa\u00eds, que tuvo buen acatamiento en nuestra provincia.<\/p>\n<p>La movilizaci\u00f3n, encabezada por la secretaria General del Consejo Directivo Provincial, Liliana Salerno, cont\u00f3 con la presencia de compa\u00f1eros de Anac, UNC, Conicet, hospitales provinciales, Pensiones, Agricultura Familiar, Anses y Pami.<\/p>\n<p><img loading=\"lazy\" decoding=\"async\" class=\"aligncenter size-full wp-image-10409\" src=\"http:\/\/www.atecordoba.org\/wp-content\/uploads\/2018\/09\/WhatsApp-Image-2018-09-24-at-16.06.08-e1537820203331.jpeg\" alt=\"\" width=\"550\" height=\"413\"><\/p>\n<p>Se volante\u00f3 al paso de la marcha con las consignas de basta de despidos, fin del ajuste en el Estado&nbsp; y por una urgente recomposici\u00f3n salarial, dejando claro que nuestro gremio se opone al pacto con el FMI y a la aprobaci\u00f3n del presupuesto nacional.<\/p>\n<p><img loading=\"lazy\" decoding=\"async\" class=\"aligncenter size-full wp-image-10410\" src=\"http:\/\/www.atecordoba.org\/wp-content\/uploads\/2018\/09\/IMG_8663-e1537820225241.jpg\" alt=\"\" width=\"550\" height=\"413\"><\/p>\n<p>\u201cEstamos en la calle, como siempre resistiendo el plan de ajuste de este gobierno. Sabemos que es un gobierno que est\u00e1 en contra de los intereses de los trabajadores, por eso este paro tiene que servir para que sepan en la Casa Rosada que no vamos a aceptar ni un solo despidos y que seguiremos peleando para reincorporar a cada despedido y hasta que se corrija el rumbo econ\u00f3mico que est\u00e1 llevando a la miseria a nuestro pueblo\u201d, expres\u00f3 Liliana Salerno.<\/p>\n<p>Una vez arribada la columna de ATE a la plaza Agust\u00edn Tosco, lugar de la concentraci\u00f3n prevista, se particip\u00f3 del acto conjunto con el resto de las organizaciones gremiales en lucha.<\/p>\n<p><img loading=\"lazy\" decoding=\"async\" class=\"aligncenter size-full wp-image-10411\" src=\"http:\/\/www.atecordoba.org\/wp-content\/uploads\/2018\/09\/WhatsApp-Image-2018-09-24-at-15.33.51-e1537820248314.jpeg\" alt=\"\" width=\"550\" height=\"413\"><\/p>\n","protected":false},"excerpt":{"rendered":"<p>Con abandono de tareas a las 12 y concentraci\u00f3n en el gremio, se inici\u00f3 hoy el paro de 36 horas resuelto por nuestra conducci\u00f3n nacional. Acto con la CGT. Una ruidosa columna de estatales march\u00f3 hoy por las calles del centro de C\u00f3rdoba, en el marco del paro nacional de ATE y la CTA Aut\u00f3noma [&hellip;]<\/p>\n","protected":false},"author":1,"featured_media":19220,"comment_status":"open","ping_status":"open","sticky":false,"template":"","format":"standard","meta":{"_exactmetrics_skip_tracking":false,"_exactmetrics_sitenote_active":false,"_exactmetrics_sitenote_note":"","_exactmetrics_sitenote_category":0,"jnews-multi-image_gallery":[],"jnews_single_post":[],"jnews_primary_category":[],"jnews_social_meta":[],"jnews_review":[],"enable_review":"","type":"","name":"","summary":"","brand":"","sku":"","good":[],"bad":[],"score_override":"","override_value":"","rating":[],"price":[],"jnews_override_counter":[],"jnews_post_split":[],"footnotes":""},"categories":[21],"tags":[],"class_list":["post-10406","post","type-post","status-publish","format-standard","has-post-thumbnail","hentry","category-paro-nacional"],"jetpack_featured_media_url":"https:\/\/atecordoba.org\/wp-content\/uploads\/2020\/05\/logo-nuevochico-e1561581322808.png","_links":{"self":[{"href":"https:\/\/atecordoba.org\/index.php?rest_route=\/wp\/v2\/posts\/10406","targetHints":{"allow":["GET"]}}],"collection":[{"href":"https:\/\/atecordoba.org\/index.php?rest_route=\/wp\/v2\/posts"}],"about":[{"href":"https:\/\/atecordoba.org\/index.php?rest_route=\/wp\/v2\/types\/post"}],"author":[{"embeddable":true,"href":"https:\/\/atecordoba.org\/index.php?rest_route=\/wp\/v2\/users\/1"}],"replies":[{"embeddable":true,"href":"https:\/\/atecordoba.org\/index.php?rest_route=%2Fwp%2Fv2%2Fcomments&post=10406"}],"version-history":[{"count":0,"href":"https:\/\/atecordoba.org\/index.php?rest_route=\/wp\/v2\/posts\/10406\/revisions"}],"wp:featuredmedia":[{"embeddable":true,"href":"https:\/\/atecordoba.org\/index.php?rest_route=\/wp\/v2\/media\/19220"}],"wp:attachment":[{"href":"https:\/\/atecordoba.org\/index.php?rest_route=%2Fwp%2Fv2%2Fmedia&parent=10406"}],"wp:term":[{"taxonomy":"category","embeddable":true,"href":"https:\/\/atecordoba.org\/index.php?rest_route=%2Fwp%2Fv2%2Fcategories&post=10406"},{"taxonomy":"post_tag","embeddable":true,"href":"https:\/\/atecordoba.org\/index.php?rest_route=%2Fwp%2Fv2%2Ftags&post=10406"}],"curies":[{"name":"wp","href":"https:\/\/api.w.org\/{rel}","templated":true}]}}