{"id":10403,"date":"2018-09-21T13:06:39","date_gmt":"2018-09-21T16:06:39","guid":{"rendered":"http:\/\/www.atecordoba.org\/?p=10403"},"modified":"2018-09-21T13:06:39","modified_gmt":"2018-09-21T16:06:39","slug":"paro-nacional-por-36-horas","status":"publish","type":"post","link":"https:\/\/atecordoba.org\/?p=10403","title":{"rendered":"Paro Nacional por 36 horas"},"content":{"rendered":"<p><em>Se llevar\u00e1 a cabo el pr\u00f3ximo lunes 24 de septiembre, a partir de las 12 horas, y hasta el martes 25, a las 24 horas. En C\u00f3rdoba ATE concentra en nuestra sede para movilizar.<\/em><\/p>\n<p><img loading=\"lazy\" decoding=\"async\" class=\"aligncenter size-full wp-image-10404\" src=\"http:\/\/www.atecordoba.org\/wp-content\/uploads\/2018\/09\/IMG_20180625_113136.png\" alt=\"\" width=\"550\" height=\"412\"><\/p>\n<p>Con asambleas desde las 10 horas en las diversas reparticiones, con abandono y concentraci\u00f3n a partir de las 12, ATE iniciar\u00e1 el lunes un paro nacional por 36 horas, en respuesta a la pol\u00edtica de despidos del macrismo en el Estado y el pacto para el ajuste con el FMI.<\/p>\n<p>Se trata de una nueva medida de fuerza, desde que el 24 de febrero de 2016 nuestra organizaci\u00f3n inici\u00f3 el plan de lucha contra un gobierno que promueve la especulaci\u00f3n financiera en vez resguardar el trabajo y la producci\u00f3n.<\/p>\n<p>De esta forma, la gesti\u00f3n del Presidente Macri desguaza estructuras estatales productivas, como sucede con la Direcci\u00f3n General de Fabricaciones Militares, al tiempo que degrada organismos del Estado en todos los \u00e1mbitos, llegando al extremo en el caso del Ministerio de Salud que hace a la garant\u00eda de derechos que nuestra Constituci\u00f3n resguarda hace un siglo y medio.<\/p>\n<p>Por el contrario, el \u00fanico sector no afectado por los recortes es el \u00e1rea de seguridad, dando cuenta de cu\u00e1les son las prioridades de Macri y advirtiendo a la comunidad que el ajuste solo cierra con represi\u00f3n.<\/p>\n<p>Ante el despido de miles de estatales en los \u00faltimos dos meses, con la abierta complicidad de gremios amarillos con actuaci\u00f3n dentro del \u00e1mbito del Estado, ATE convoca a dar una muestra contundente del rechazo a la pol\u00edtica oficial y exigir una urgente recomposici\u00f3n salarial, acorde a la subida de precios que ahoga el bolsillo de cada estatal.<\/p>\n<p>En consecuencia, ATE convoca a movilizar a partir del mediod\u00eda, concentrando en nuestra sede ubicada en Entre R\u00edos 450, desde las 12 horas.<\/p>\n<p style=\"text-align: right;\">&nbsp;<\/p>\n<p style=\"text-align: right;\">Liliana Salerno<\/p>\n<p style=\"text-align: right;\">Secretaria General<\/p>\n","protected":false},"excerpt":{"rendered":"<p>Se llevar\u00e1 a cabo el pr\u00f3ximo lunes 24 de septiembre, a partir de las 12 horas, y hasta el martes 25, a las 24 horas. En C\u00f3rdoba ATE concentra en nuestra sede para movilizar. Con asambleas desde las 10 horas en las diversas reparticiones, con abandono y concentraci\u00f3n a partir de las 12, ATE iniciar\u00e1 [&hellip;]<\/p>\n","protected":false},"author":1,"featured_media":19220,"comment_status":"open","ping_status":"open","sticky":false,"template":"","format":"standard","meta":{"_exactmetrics_skip_tracking":false,"_exactmetrics_sitenote_active":false,"_exactmetrics_sitenote_note":"","_exactmetrics_sitenote_category":0,"jnews-multi-image_gallery":[],"jnews_single_post":[],"jnews_primary_category":[],"jnews_social_meta":[],"jnews_review":[],"enable_review":"","type":"","name":"","summary":"","brand":"","sku":"","good":[],"bad":[],"score_override":"","override_value":"","rating":[],"price":[],"jnews_override_counter":[],"jnews_post_split":[],"footnotes":""},"categories":[21],"tags":[],"class_list":["post-10403","post","type-post","status-publish","format-standard","has-post-thumbnail","hentry","category-paro-nacional"],"jetpack_featured_media_url":"https:\/\/atecordoba.org\/wp-content\/uploads\/2020\/05\/logo-nuevochico-e1561581322808.png","_links":{"self":[{"href":"https:\/\/atecordoba.org\/index.php?rest_route=\/wp\/v2\/posts\/10403","targetHints":{"allow":["GET"]}}],"collection":[{"href":"https:\/\/atecordoba.org\/index.php?rest_route=\/wp\/v2\/posts"}],"about":[{"href":"https:\/\/atecordoba.org\/index.php?rest_route=\/wp\/v2\/types\/post"}],"author":[{"embeddable":true,"href":"https:\/\/atecordoba.org\/index.php?rest_route=\/wp\/v2\/users\/1"}],"replies":[{"embeddable":true,"href":"https:\/\/atecordoba.org\/index.php?rest_route=%2Fwp%2Fv2%2Fcomments&post=10403"}],"version-history":[{"count":0,"href":"https:\/\/atecordoba.org\/index.php?rest_route=\/wp\/v2\/posts\/10403\/revisions"}],"wp:featuredmedia":[{"embeddable":true,"href":"https:\/\/atecordoba.org\/index.php?rest_route=\/wp\/v2\/media\/19220"}],"wp:attachment":[{"href":"https:\/\/atecordoba.org\/index.php?rest_route=%2Fwp%2Fv2%2Fmedia&parent=10403"}],"wp:term":[{"taxonomy":"category","embeddable":true,"href":"https:\/\/atecordoba.org\/index.php?rest_route=%2Fwp%2Fv2%2Fcategories&post=10403"},{"taxonomy":"post_tag","embeddable":true,"href":"https:\/\/atecordoba.org\/index.php?rest_route=%2Fwp%2Fv2%2Ftags&post=10403"}],"curies":[{"name":"wp","href":"https:\/\/api.w.org\/{rel}","templated":true}]}}