{"id":10397,"date":"2018-09-20T13:50:41","date_gmt":"2018-09-20T16:50:41","guid":{"rendered":"http:\/\/www.atecordoba.org\/?p=10397"},"modified":"2018-09-20T13:50:41","modified_gmt":"2018-09-20T16:50:41","slug":"feliz-dia-de-la-sanidad","status":"publish","type":"post","link":"https:\/\/atecordoba.org\/?p=10397","title":{"rendered":"Feliz D\u00eda de la Sanidad"},"content":{"rendered":"<p><em>ATE env\u00eda un fraternal saludo a todos y cada una de las trabajadoras y trabajadores de los hospitales y centros de salud de C\u00f3rdoba, al celebrarse ma\u00f1ana 21 de septiembre el D\u00eda Internacional de la Sanidad.<\/em><\/p>\n<p><img loading=\"lazy\" decoding=\"async\" class=\"aligncenter size-full wp-image-10398\" src=\"http:\/\/www.atecordoba.org\/wp-content\/uploads\/2018\/09\/foto-dia-sanidad.png\" alt=\"\" width=\"550\" height=\"412\"><\/p>\n<p>Por medio de estas l\u00edneas queremos hacer llegar nuestro reconocimiento al esfuerzo cotidiano de enfermeras, administrativos, m\u00e9dicos, t\u00e9cnicos, personal de maestranza, todos comprometidos con el servicio de salud de los hospitales p\u00fablicos, que a pesar de los bajos salarios, la falta de personal e insumos y la precariedad de las condiciones de trabajo, prestan un servicio de excelencia a la comunidad.<\/p>\n<p>Desde ATE va entonces nuestro compromiso con una salud estatal, gratuita y de calidad, siempre rescatando los preceptos del doctor Ram\u00f3n J. Carrillo, primer ministro de Salud de la Naci\u00f3n: \u201cNo hay salud sin justicia social\u201d.<\/p>\n<p>Por ello seguiremos luchando por un pa\u00eds justo y soberano para garantizar el derecho a la salud a todos los cordobeses.<\/p>\n<p>Trabajando hac\u00eda ese horizonte, enviamos un c\u00e1lido saludo a los trabajadores de los hospitales de C\u00f3rdoba.<\/p>\n<p>Feliz D\u00eda Compa\u00f1eros<\/p>\n<p style=\"text-align: right;\">Liliana Salerno<\/p>\n<p style=\"text-align: right;\">Secretaria General<\/p>\n<p style=\"text-align: right;\">&nbsp;<\/p>\n","protected":false},"excerpt":{"rendered":"<p>ATE env\u00eda un fraternal saludo a todos y cada una de las trabajadoras y trabajadores de los hospitales y centros de salud de C\u00f3rdoba, al celebrarse ma\u00f1ana 21 de septiembre el D\u00eda Internacional de la Sanidad. Por medio de estas l\u00edneas queremos hacer llegar nuestro reconocimiento al esfuerzo cotidiano de enfermeras, administrativos, m\u00e9dicos, t\u00e9cnicos, personal [&hellip;]<\/p>\n","protected":false},"author":1,"featured_media":19220,"comment_status":"open","ping_status":"open","sticky":false,"template":"","format":"standard","meta":{"_exactmetrics_skip_tracking":false,"_exactmetrics_sitenote_active":false,"_exactmetrics_sitenote_note":"","_exactmetrics_sitenote_category":0,"jnews-multi-image_gallery":[],"jnews_single_post":[],"jnews_primary_category":[],"jnews_social_meta":[],"jnews_review":[],"enable_review":"","type":"","name":"","summary":"","brand":"","sku":"","good":[],"bad":[],"score_override":"","override_value":"","rating":[],"price":[],"jnews_override_counter":[],"jnews_post_split":[],"footnotes":""},"categories":[7,102],"tags":[],"class_list":["post-10397","post","type-post","status-publish","format-standard","has-post-thumbnail","hentry","category-hospitales","category-salud-2"],"jetpack_featured_media_url":"https:\/\/atecordoba.org\/wp-content\/uploads\/2020\/05\/logo-nuevochico-e1561581322808.png","_links":{"self":[{"href":"https:\/\/atecordoba.org\/index.php?rest_route=\/wp\/v2\/posts\/10397","targetHints":{"allow":["GET"]}}],"collection":[{"href":"https:\/\/atecordoba.org\/index.php?rest_route=\/wp\/v2\/posts"}],"about":[{"href":"https:\/\/atecordoba.org\/index.php?rest_route=\/wp\/v2\/types\/post"}],"author":[{"embeddable":true,"href":"https:\/\/atecordoba.org\/index.php?rest_route=\/wp\/v2\/users\/1"}],"replies":[{"embeddable":true,"href":"https:\/\/atecordoba.org\/index.php?rest_route=%2Fwp%2Fv2%2Fcomments&post=10397"}],"version-history":[{"count":0,"href":"https:\/\/atecordoba.org\/index.php?rest_route=\/wp\/v2\/posts\/10397\/revisions"}],"wp:featuredmedia":[{"embeddable":true,"href":"https:\/\/atecordoba.org\/index.php?rest_route=\/wp\/v2\/media\/19220"}],"wp:attachment":[{"href":"https:\/\/atecordoba.org\/index.php?rest_route=%2Fwp%2Fv2%2Fmedia&parent=10397"}],"wp:term":[{"taxonomy":"category","embeddable":true,"href":"https:\/\/atecordoba.org\/index.php?rest_route=%2Fwp%2Fv2%2Fcategories&post=10397"},{"taxonomy":"post_tag","embeddable":true,"href":"https:\/\/atecordoba.org\/index.php?rest_route=%2Fwp%2Fv2%2Ftags&post=10397"}],"curies":[{"name":"wp","href":"https:\/\/api.w.org\/{rel}","templated":true}]}}