{"id":10388,"date":"2018-09-14T11:51:19","date_gmt":"2018-09-14T14:51:19","guid":{"rendered":"http:\/\/www.atecordoba.org\/?p=10388"},"modified":"2018-09-14T11:51:19","modified_gmt":"2018-09-14T14:51:19","slug":"actividades-de-protesta-de-seccionales-y-el-interior-provincial-durante-el-paro-nacional","status":"publish","type":"post","link":"https:\/\/atecordoba.org\/?p=10388","title":{"rendered":"Actividades de protesta de seccionales y el interior provincial durante el paro nacional"},"content":{"rendered":"<p><em>Compa\u00f1eros de Villa Mar\u00eda, R\u00edo Cuarto y Cruz del Eje se manifestaron con actividades p\u00fablicas y un fuerte corte de ruta en la autopista C\u00f3rdoba-Rosario.<\/em><\/p>\n<p><img loading=\"lazy\" decoding=\"async\" class=\"aligncenter size-full wp-image-10389\" src=\"http:\/\/www.atecordoba.org\/wp-content\/uploads\/2018\/09\/villa-maria-e1536935140259.jpg\" alt=\"\" width=\"550\" height=\"413\"><\/p>\n<p>El paro nacional que desde ATE realizamos ayer en todo el pa\u00eds, con una importante movilizaci\u00f3n en C\u00f3rdoba capital, tambi\u00e9n tuvo su expresi\u00f3n en diversos puntos de la provincia donde nuestra organizaci\u00f3n tiene inserci\u00f3n territorial, donde cobraron protagonismo las seccionales Villa Mar\u00eda y R\u00edo Cuarto.<\/p>\n<p>En primer t\u00e9rmino, a media ma\u00f1ana, \u201cun nutrido grupo de trabajadores estatales de Villa Mar\u00eda, Villa Nueva y la regi\u00f3n \u2013describi\u00f3 el peri\u00f3dico local \u2018Diario del Centro del Pa\u00eds\u2019- cumpli\u00f3 ayer con la medida de acci\u00f3n directa lanzada por la conducci\u00f3n nacional de la Asociaci\u00f3n de Trabajadores del Estado (ATE) en solidaridad con los conflictos que se vienen sucediendo en diferentes organismos p\u00fablicos\u201d.<\/p>\n<p>\u201cNosotros estamos ac\u00e1 por la reincorporaci\u00f3n de nuestros 70 compa\u00f1eros despedidos de la F\u00e1brica de P\u00f3lvoras, pero tambi\u00e9n por la reactivaci\u00f3n de la F\u00e1brica Militar de R\u00edo Tercero, la reapertura de la de Azul, en contra del desmantelamiento del Astillero R\u00edo Santiago, en solidaridad con los cesanteados en el Ministerio de Agroindustria, en la Agencia Nacional de Noticias T\u00e9lam, en el Hospital Posadas y, en definitiva, en contra del vaciamiento del Estado\u201d, afirm\u00f3 el secretario General Fernando Mercado.<\/p>\n<p>Entre las 10 de la ma\u00f1ana y las 13.30 los compa\u00f1eros realizaron cortes y aprovecharon para difundir entre los conductores la situaci\u00f3n por la que atravesamos. Adem\u00e1s, el paro en el Polvor\u00edn se cumpli\u00f3 bajo la modalidad de dos horas por turno.<\/p>\n<p>https:\/\/www.facebook.com\/atevillamaria2016\/videos\/722888701398510\/<\/p>\n<p><strong>Cruz del Eje<\/strong><\/p>\n<p>En tanto en el norte provincial, los compa\u00f1eros de Cruz del Eje los compa\u00f1eros municipales, junto a trabajadores despedidos del INTI, Agricultura Familiar y otros organismos con sede en la ciudad realizaron una actividad de difusi\u00f3n p\u00fablica del paro nacional.<\/p>\n<p><img loading=\"lazy\" decoding=\"async\" class=\"aligncenter size-full wp-image-10390\" src=\"http:\/\/www.atecordoba.org\/wp-content\/uploads\/2018\/09\/WhatsApp-Image-2018-09-12-at-13.34.57-e1536935186415.jpeg\" alt=\"\" width=\"550\" height=\"413\"><\/p>\n<p>En la oportunidad, los dirigentes de ATE presentes se\u00f1alaron la necesidad de profundizar el trabajo organizativo de ATE porque \u201ces el \u00fanico sindicato capaz de reunir a trabajadores\/as de todo el arco del Estado, donde se vive distintas realidades. Nuestra organizaci\u00f3n pone en evidencia el Estado injusto, el Estado ausente, el Estado c\u00f3mplice, que conduce el macrismo\u201d.<\/p>\n<p>El secretario Administrativo del Consejo Directivo Provincial, Walter Secondino, afirm\u00f3 que&nbsp; \u201ccomo trabajadores del Estado necesitamos fortalecernos y fortalecer el gremio, hacer de este un lugar de referencia donde las iniciativas de todos individuales se transformen en iniciativas colectivas. De eso se trata\u201d.<\/p>\n<p>Se destac\u00f3 la presencia de compa\u00f1eros que trabajan haciendo dulces, criando cabritos con tanto esfuerzo, y no poder ver reflejado tanto esfuerzo, a la hora de vender su producci\u00f3n ya que los desarticularon con los despidos de trabajadores de Agroindustria.<\/p>\n<p>\u201cEstos trabajadores no tienen sueldos, lo que menos podemos hacer es abrir nuestro Sindicato como lo estamos haciendo, y decirles compa\u00f1eros pasen que nos vamos a organizar, ATE est\u00e1 en todos lados\u201d, concluy\u00f3 Secondino.<\/p>\n<p><strong>Rio Cuarto<\/strong><\/p>\n<p>En horas de la tarde, mientras ca\u00eda una llovizna incansable sobre la ciudad, los compa\u00f1eros de la seccional R\u00edo Cuarto instalaron una carpa en la plaza principal, para presentar una jornada cultural que visualice el trabajo de los estatales en defensa del Estado y de los derechos del pueblo en el marco del paro nacional convocado por ATE Y CTA-A.&nbsp;<\/p>\n<p><img loading=\"lazy\" decoding=\"async\" class=\"aligncenter size-full wp-image-10391\" src=\"http:\/\/www.atecordoba.org\/wp-content\/uploads\/2018\/09\/rio-cuarto-e1536936654587.jpg\" alt=\"\" width=\"550\" height=\"413\"><\/p>\n<p>&nbsp;<\/p>\n<p>Estudiantes, artistas, dirigentes sindicales recorrieron la carpa durante toda la tarde y discutieron sobre el rol del Estado, pol\u00edticas de ajuste y organizaci\u00f3n colectiva.<\/p>\n<p>El secretario General de ATE R\u00edo Cuarto, Walter Avalos, destac\u00f3 que \u201cestamos pidiendo la reincorporaci\u00f3n de todos los trabajadores despedidos de los organismos del Estado y denunciar el achicamiento de los ministerios a secretarias significa poner en jaque el Estado para reducir derechos\u201d.<\/p>\n<p>https:\/\/www.facebook.com\/ateriocuarto\/videos\/244552952930082\/+<\/p>\n<p><strong>&nbsp;<\/strong><\/p>\n<p>&nbsp;<\/p>\n","protected":false},"excerpt":{"rendered":"<p>Compa\u00f1eros de Villa Mar\u00eda, R\u00edo Cuarto y Cruz del Eje se manifestaron con actividades p\u00fablicas y un fuerte corte de ruta en la autopista C\u00f3rdoba-Rosario. El paro nacional que desde ATE realizamos ayer en todo el pa\u00eds, con una importante movilizaci\u00f3n en C\u00f3rdoba capital, tambi\u00e9n tuvo su expresi\u00f3n en diversos puntos de la provincia donde [&hellip;]<\/p>\n","protected":false},"author":1,"featured_media":19220,"comment_status":"open","ping_status":"open","sticky":false,"template":"","format":"standard","meta":{"_exactmetrics_skip_tracking":false,"_exactmetrics_sitenote_active":false,"_exactmetrics_sitenote_note":"","_exactmetrics_sitenote_category":0,"jnews-multi-image_gallery":[],"jnews_single_post":[],"jnews_primary_category":[],"jnews_social_meta":[],"jnews_review":[],"enable_review":"","type":"","name":"","summary":"","brand":"","sku":"","good":[],"bad":[],"score_override":"","override_value":"","rating":[],"price":[],"jnews_override_counter":[],"jnews_post_split":[],"footnotes":""},"categories":[1],"tags":[],"class_list":["post-10388","post","type-post","status-publish","format-standard","has-post-thumbnail","hentry","category-sin-categoria"],"jetpack_featured_media_url":"https:\/\/atecordoba.org\/wp-content\/uploads\/2020\/05\/logo-nuevochico-e1561581322808.png","_links":{"self":[{"href":"https:\/\/atecordoba.org\/index.php?rest_route=\/wp\/v2\/posts\/10388","targetHints":{"allow":["GET"]}}],"collection":[{"href":"https:\/\/atecordoba.org\/index.php?rest_route=\/wp\/v2\/posts"}],"about":[{"href":"https:\/\/atecordoba.org\/index.php?rest_route=\/wp\/v2\/types\/post"}],"author":[{"embeddable":true,"href":"https:\/\/atecordoba.org\/index.php?rest_route=\/wp\/v2\/users\/1"}],"replies":[{"embeddable":true,"href":"https:\/\/atecordoba.org\/index.php?rest_route=%2Fwp%2Fv2%2Fcomments&post=10388"}],"version-history":[{"count":0,"href":"https:\/\/atecordoba.org\/index.php?rest_route=\/wp\/v2\/posts\/10388\/revisions"}],"wp:featuredmedia":[{"embeddable":true,"href":"https:\/\/atecordoba.org\/index.php?rest_route=\/wp\/v2\/media\/19220"}],"wp:attachment":[{"href":"https:\/\/atecordoba.org\/index.php?rest_route=%2Fwp%2Fv2%2Fmedia&parent=10388"}],"wp:term":[{"taxonomy":"category","embeddable":true,"href":"https:\/\/atecordoba.org\/index.php?rest_route=%2Fwp%2Fv2%2Fcategories&post=10388"},{"taxonomy":"post_tag","embeddable":true,"href":"https:\/\/atecordoba.org\/index.php?rest_route=%2Fwp%2Fv2%2Ftags&post=10388"}],"curies":[{"name":"wp","href":"https:\/\/api.w.org\/{rel}","templated":true}]}}