{"id":10385,"date":"2018-09-14T10:45:40","date_gmt":"2018-09-14T13:45:40","guid":{"rendered":"http:\/\/www.atecordoba.org\/?p=10385"},"modified":"2018-09-14T10:45:40","modified_gmt":"2018-09-14T13:45:40","slug":"polo-de-la-mujer-en-asamblea-por-reclamos-salariales","status":"publish","type":"post","link":"https:\/\/atecordoba.org\/?p=10385","title":{"rendered":"Polo de la mujer en asamblea por reclamos salariales"},"content":{"rendered":"<p><em>Las trabajadoras del Polo de la Mujer nos encontramos en asamblea de 10 a 11 horas y de 15 a 16 hasta tanto se posibilite una mesa de negociaci\u00f3n y di\u00e1logo con autoridades competentes.<\/em><\/p>\n<p><img loading=\"lazy\" decoding=\"async\" class=\"aligncenter size-full wp-image-10386\" src=\"http:\/\/www.atecordoba.org\/wp-content\/uploads\/2018\/09\/WhatsApp-Image-2018-09-13-at-20.57.26-e1536932702380.jpeg\" alt=\"\" width=\"550\" height=\"413\"><\/p>\n<p>La misma se viene desarrollando desde el pasado martes 11 de septiembre en los mismos horarios.<\/p>\n<p>Reclamamos salarios dignos, ya que los mismos se encuentran por debajo de la canasta familiar, equiparaci\u00f3n de los salarios, para que se respete el principio de \u2018a igual tarea, igual salario\u2019.<\/p>\n<p>Vale se\u00f1alar que las trabajadoras sufren esta situaci\u00f3n en un contexto constante inflaci\u00f3n y suba de los art\u00edculos esenciales, perjudicando a\u00fan m\u00e1s nuestro poder adquisitivo.<\/p>\n","protected":false},"excerpt":{"rendered":"<p>Las trabajadoras del Polo de la Mujer nos encontramos en asamblea de 10 a 11 horas y de 15 a 16 hasta tanto se posibilite una mesa de negociaci\u00f3n y di\u00e1logo con autoridades competentes. La misma se viene desarrollando desde el pasado martes 11 de septiembre en los mismos horarios. Reclamamos salarios dignos, ya que [&hellip;]<\/p>\n","protected":false},"author":1,"featured_media":19220,"comment_status":"open","ping_status":"open","sticky":false,"template":"","format":"standard","meta":{"_exactmetrics_skip_tracking":false,"_exactmetrics_sitenote_active":false,"_exactmetrics_sitenote_note":"","_exactmetrics_sitenote_category":0,"jnews-multi-image_gallery":[],"jnews_single_post":[],"jnews_primary_category":[],"jnews_social_meta":[],"jnews_review":[],"enable_review":"","type":"","name":"","summary":"","brand":"","sku":"","good":[],"bad":[],"score_override":"","override_value":"","rating":[],"price":[],"jnews_override_counter":[],"jnews_post_split":[],"footnotes":""},"categories":[142],"tags":[],"class_list":["post-10385","post","type-post","status-publish","format-standard","has-post-thumbnail","hentry","category-polo-de-la-mujer-de-la-provincia"],"jetpack_featured_media_url":"https:\/\/atecordoba.org\/wp-content\/uploads\/2020\/05\/logo-nuevochico-e1561581322808.png","_links":{"self":[{"href":"https:\/\/atecordoba.org\/index.php?rest_route=\/wp\/v2\/posts\/10385","targetHints":{"allow":["GET"]}}],"collection":[{"href":"https:\/\/atecordoba.org\/index.php?rest_route=\/wp\/v2\/posts"}],"about":[{"href":"https:\/\/atecordoba.org\/index.php?rest_route=\/wp\/v2\/types\/post"}],"author":[{"embeddable":true,"href":"https:\/\/atecordoba.org\/index.php?rest_route=\/wp\/v2\/users\/1"}],"replies":[{"embeddable":true,"href":"https:\/\/atecordoba.org\/index.php?rest_route=%2Fwp%2Fv2%2Fcomments&post=10385"}],"version-history":[{"count":0,"href":"https:\/\/atecordoba.org\/index.php?rest_route=\/wp\/v2\/posts\/10385\/revisions"}],"wp:featuredmedia":[{"embeddable":true,"href":"https:\/\/atecordoba.org\/index.php?rest_route=\/wp\/v2\/media\/19220"}],"wp:attachment":[{"href":"https:\/\/atecordoba.org\/index.php?rest_route=%2Fwp%2Fv2%2Fmedia&parent=10385"}],"wp:term":[{"taxonomy":"category","embeddable":true,"href":"https:\/\/atecordoba.org\/index.php?rest_route=%2Fwp%2Fv2%2Fcategories&post=10385"},{"taxonomy":"post_tag","embeddable":true,"href":"https:\/\/atecordoba.org\/index.php?rest_route=%2Fwp%2Fv2%2Ftags&post=10385"}],"curies":[{"name":"wp","href":"https:\/\/api.w.org\/{rel}","templated":true}]}}