{"id":10377,"date":"2018-09-13T15:21:33","date_gmt":"2018-09-13T18:21:33","guid":{"rendered":"http:\/\/www.atecordoba.org\/?p=10377"},"modified":"2018-09-13T15:21:33","modified_gmt":"2018-09-13T18:21:33","slug":"paro-nacional-de-ate-y-la-cta-a-decimos-no-al-presupuesto-del-ajuste-perpetuo","status":"publish","type":"post","link":"https:\/\/atecordoba.org\/?p=10377","title":{"rendered":"Paro nacional de ATE y la CTA-A: \u201cDecimos no al presupuesto del ajuste perpetuo\u201d"},"content":{"rendered":"<p class=\"copete\"><em>Con m\u00e1s de 100 cortes en todo el pa\u00eds, marchas y ollas populares, le dijeron no al ajuste, s\u00ed a un Estado Soberano, con Trabajo y Producci\u00f3n.<\/em><\/p>\n<p><img loading=\"lazy\" decoding=\"async\" class=\"aligncenter size-full wp-image-10378\" src=\"http:\/\/www.atecordoba.org\/wp-content\/uploads\/2018\/09\/godoy-1-e1536862798466.jpg\" alt=\"\" width=\"550\" height=\"366\"><\/p>\n<p style=\"font-weight: 400;\">Con m\u00e1s de 100 cortes en todo el pa\u00eds, con marchas y ollas populares en la Capital Federal y en la zona metropolitana, los trabajadores de ATE y la CTA-A, junto a diversas organizaciones sociales, realizaron un contundenteParo Nacional y una jornada de lucha contra la pol\u00edtica de ajuste y el acuerdo con el Fondo Monetario Internacional, por un Estado Soberano, con Trabajo y Producci\u00f3n.<\/p>\n<p style=\"font-weight: 400;\">En el acto central, en Avenida de Mayo y 9 de julio, Hugo \u201cCachorro\u201d Godoy, Secretario General de ATE y Adjunto de la CTA-A, denunci\u00f3: \u201cLa pol\u00edtica del gobierno y de los gobernadores, que se dicen opositores pero que despu\u00e9s van y le firman el pacto fiscal o el Presupuesto de entrega y de subordinaci\u00f3n al FMI, lo menos que hacen es generar trabajo, producci\u00f3n y soberan\u00eda\u201d.<\/p>\n<p style=\"font-weight: 400;\">\u201cPor eso esta jornada ejemplar de lucha que convocamos desde la CTA Aut\u00f3noma, junto a las organizaciones populares con quienes construimos la Marcha Federal\u201d, a\u00f1adi\u00f3.<\/p>\n<p style=\"font-weight: 400;\">\u201cDecimos no al presupuesto del ajuste perpetuo, no al acuerdo con el Fondo Monetario Internacional, s\u00ed a los proyectos de ley que presentamos en la Marcha Federal, s\u00ed a nuestro reclamo de frenar y terminar con los despidos, s\u00ed a la reapertura de los programas para promover la Agricultura Familiar, s\u00ed al proyecto para promover las centrales nucleares, la producci\u00f3n de sat\u00e9lites, la mina de R\u00edo Turbio, el Astillero R\u00edo Santiago: Todas esas \u00e1reas productivas del Estado que este Gobierno est\u00e1 vaciando y destruyendo\u201d, manifest\u00f3.<\/p>\n<p><img loading=\"lazy\" decoding=\"async\" class=\"aligncenter size-full wp-image-10379\" src=\"http:\/\/www.atecordoba.org\/wp-content\/uploads\/2018\/09\/peidro-e1536862832607.jpg\" alt=\"\" width=\"550\" height=\"367\"><\/p>\n<p style=\"font-weight: 400;\">\u201cEsta jornada es la antesala del Paro Activo que vamos a realizar el 24 y el 25 de septiembre para torcer la pol\u00edtica econ\u00f3mica que nos imponen Macri y el FMI. Unidad en la lucha, unidad para proponer un presupuesto alternativo, porque despu\u00e9s del Paro vamos a abrazar al Congreso para que se escuche la voz de nuestro pueblo. Fuerza compa\u00f1eras y compa\u00f1eros\u201d, finaliz\u00f3.<\/p>\n<p style=\"font-weight: 400;\">Por su parte, Ricardo Peidro, Secretario General de la CTAA, destac\u00f3 la masividad y el entusiasmo de todos los compa\u00f1erxs en todo el pa\u00eds. \u201cCreo que hoy expresamos todo el plan de lucha que venimos desarrollando desde la central, y el grado de resistencia y organizaci\u00f3n de nuestros compa\u00f1eros y compa\u00f1eras, de cara al paro activo del 24 y 25 de septiembre\u201d, expres\u00f3.<\/p>\n<p style=\"font-weight: 400;\">\u201cEl plan econ\u00f3mico del Gobierno y el acuerdo con el FMI significan m\u00e1s penuria, m\u00e1s p\u00e9rdida de derechos y m\u00e1s p\u00e9rdida de salario, pero el grado de organizaci\u00f3n nos muestra que tenemos que ser optimistas. Este Gobierno no pasara y no vamos a ceder\u201d, cerr\u00f3.<\/p>\n<p style=\"font-weight: 400;\"><b><strong style=\"font-style: inherit;\">El Paro Nacional se sinti\u00f3 en todo el pa\u00eds<\/strong><\/b><\/p>\n<p style=\"font-weight: 400;\">En Provincia de Buenos Aires se destacaron las acciones en La Plata y Z\u00e1rate, con las luchas en defensa del Astillero R\u00edo Santiago y Atucha. Los estatales de Mar del Plata marcharon por la ciudad acompa\u00f1ados de nutridas columnas de organizaciones sociales.<\/p>\n<p><img loading=\"lazy\" decoding=\"async\" class=\"aligncenter size-full wp-image-10380\" src=\"http:\/\/www.atecordoba.org\/wp-content\/uploads\/2018\/09\/yuta-e1536862859829.jpg\" alt=\"\" width=\"550\" height=\"367\"><\/p>\n<p style=\"font-weight: 400;\">En los accesos a la Ciudad de Buenos Aires hubo clima de tensi\u00f3n, tanto en la zona norte como en el sur. El INTI amaneci\u00f3 militarizado a la altura de General Paz y Constituyentes, en tanto que el Puente Pueyrred\u00f3n cont\u00f3 con un amplio despliegue de la Prefectura para contener la marea que llegar\u00eda en horas del mediod\u00eda al Obelisco porte\u00f1o.<\/p>\n<p style=\"font-weight: 400;\">En la Capital Federal, adem\u00e1s del acto central, hubo protestas en el Hospital Durand, en la zona de Hospitales en Parque Patricios, frente a Agroindustria; los trabajadores de la Cultura hicieron una marcha f\u00fanebre, los jubilados se manifestaron frente al ANSES contra el uso del Fondo de Garant\u00eda y sustentabilidad ordenado por el FMI, entre otras. Las distintas actividades estuvieron signadas por el rechazo a la eliminaci\u00f3n y degradaci\u00f3n de Ministerios a Secretar\u00edas y el desguace y despidos que esto conlleva.<\/p>\n<p style=\"font-weight: 400;\">En la Patagonia, durante la madrugada comenzaron los cortes de ruta en los accesos a la provincia de Santa Cruz, acampes frente a los organismos estatales en R\u00edo Negro y movilizaciones en Chubut. En Neuqu\u00e9n, trabajadores denunciaron el vaciamiento de la Planta Industrial de Agua Pesada (PIAP).<\/p>\n<p style=\"font-weight: 400;\">En Mendoza se realiz\u00f3 una concentraci\u00f3n contra el ajuste, la persecuci\u00f3n y los despidos. En Rosario protestaron por la degradaci\u00f3n de los sistemas educativos y de salud p\u00fablica. En San Luis, lxs estatales cortaron la Ruta 7 en el acceso a la capital.<\/p>\n<p style=\"font-weight: 400;\">En Catamarca, Chaco, Salta y Jujuy se realizaron actos y asambleas en defensa de las y los despedidos de Agroindustria, la mayor\u00eda pertenecientes a Agricultura Familiar. En Formosa se realiz\u00f3 un corte en la ruta 11 junto a organizaciones sociales. Numerosas manifestaciones se produjeron en Misiones, donde se promovieron reclamos en los Hospitales y el Ministerio de Ecolog\u00eda por parte de integrantes de parques nacionales.<\/p>\n","protected":false},"excerpt":{"rendered":"<p>Con m\u00e1s de 100 cortes en todo el pa\u00eds, marchas y ollas populares, le dijeron no al ajuste, s\u00ed a un Estado Soberano, con Trabajo y Producci\u00f3n. Con m\u00e1s de 100 cortes en todo el pa\u00eds, con marchas y ollas populares en la Capital Federal y en la zona metropolitana, los trabajadores de ATE y [&hellip;]<\/p>\n","protected":false},"author":1,"featured_media":19220,"comment_status":"open","ping_status":"open","sticky":false,"template":"","format":"standard","meta":{"_exactmetrics_skip_tracking":false,"_exactmetrics_sitenote_active":false,"_exactmetrics_sitenote_note":"","_exactmetrics_sitenote_category":0,"jnews-multi-image_gallery":[],"jnews_single_post":[],"jnews_primary_category":[],"jnews_social_meta":[],"jnews_review":[],"enable_review":"","type":"","name":"","summary":"","brand":"","sku":"","good":[],"bad":[],"score_override":"","override_value":"","rating":[],"price":[],"jnews_override_counter":[],"jnews_post_split":[],"footnotes":""},"categories":[21],"tags":[],"class_list":["post-10377","post","type-post","status-publish","format-standard","has-post-thumbnail","hentry","category-paro-nacional"],"jetpack_featured_media_url":"https:\/\/atecordoba.org\/wp-content\/uploads\/2020\/05\/logo-nuevochico-e1561581322808.png","_links":{"self":[{"href":"https:\/\/atecordoba.org\/index.php?rest_route=\/wp\/v2\/posts\/10377","targetHints":{"allow":["GET"]}}],"collection":[{"href":"https:\/\/atecordoba.org\/index.php?rest_route=\/wp\/v2\/posts"}],"about":[{"href":"https:\/\/atecordoba.org\/index.php?rest_route=\/wp\/v2\/types\/post"}],"author":[{"embeddable":true,"href":"https:\/\/atecordoba.org\/index.php?rest_route=\/wp\/v2\/users\/1"}],"replies":[{"embeddable":true,"href":"https:\/\/atecordoba.org\/index.php?rest_route=%2Fwp%2Fv2%2Fcomments&post=10377"}],"version-history":[{"count":0,"href":"https:\/\/atecordoba.org\/index.php?rest_route=\/wp\/v2\/posts\/10377\/revisions"}],"wp:featuredmedia":[{"embeddable":true,"href":"https:\/\/atecordoba.org\/index.php?rest_route=\/wp\/v2\/media\/19220"}],"wp:attachment":[{"href":"https:\/\/atecordoba.org\/index.php?rest_route=%2Fwp%2Fv2%2Fmedia&parent=10377"}],"wp:term":[{"taxonomy":"category","embeddable":true,"href":"https:\/\/atecordoba.org\/index.php?rest_route=%2Fwp%2Fv2%2Fcategories&post=10377"},{"taxonomy":"post_tag","embeddable":true,"href":"https:\/\/atecordoba.org\/index.php?rest_route=%2Fwp%2Fv2%2Ftags&post=10377"}],"curies":[{"name":"wp","href":"https:\/\/api.w.org\/{rel}","templated":true}]}}