{"id":10369,"date":"2018-09-13T12:36:49","date_gmt":"2018-09-13T15:36:49","guid":{"rendered":"http:\/\/www.atecordoba.org\/?p=10369"},"modified":"2018-09-13T12:36:49","modified_gmt":"2018-09-13T15:36:49","slug":"el-paro-nacional-que-cumplio-en-cordoba","status":"publish","type":"post","link":"https:\/\/atecordoba.org\/?p=10369","title":{"rendered":"El paro nacional que cumpli\u00f3 en C\u00f3rdoba\u00a0\u00a0\u00a0\u00a0\u00a0\u00a0"},"content":{"rendered":"<p><em>El CDP se moviliz\u00f3 ayer al Ministerio de Trabajo para reclamar contra los despidos y el ajuste.<\/em><\/p>\n<p><img loading=\"lazy\" decoding=\"async\" class=\"aligncenter size-full wp-image-10370\" src=\"http:\/\/www.atecordoba.org\/wp-content\/uploads\/2018\/09\/IMG_8566-e1536852825946.jpg\" alt=\"\" width=\"550\" height=\"413\"><\/p>\n<p>En el marco del paro nacional que ATE realiza hoy en todo el pa\u00eds, el Consejo Directivo Provincial llev\u00f3 a cabo ayer una movilizaci\u00f3n que recorri\u00f3 el centro de la ciudad para expresar el rechazo de los estatales a la pol\u00edtica del gobierno macrista de ajuste y desguace del Estado.<\/p>\n<p>Participaron en la oportunidad compa\u00f1eros de diversos sectores nacionales y provinciales, encabezados por nuestra secretaria General, Liliana Salerno, junto al secretariado provincial, los compa\u00f1eros de la UCRA, que conduce Marcelo Mar\u00edn, una cooperativa de trabajo de cuidadores de coches y del Foro Solidario C\u00f3rdoba.<\/p>\n<p><img loading=\"lazy\" decoding=\"async\" class=\"aligncenter size-full wp-image-10371\" src=\"http:\/\/www.atecordoba.org\/wp-content\/uploads\/2018\/09\/IMG_8559-e1536852861280.jpg\" alt=\"\" width=\"550\" height=\"413\"><\/p>\n<p>Se destac\u00f3 la presencia de compa\u00f1eros de Parques Nacionales,&nbsp; Pami, Anses, Anac, Conicet, Personal Civil de las FF.AA., CNC, hospitales provinciales, Agricultura Familiar, Pensiones, Desarrollo Social, Ministerio de Educaci\u00f3n y Polo de la Mujer, entre otros.<\/p>\n<p>En primer t\u00e9rmino, la columna se dirigi\u00f3 a realizar un corte de calle en el puente General Paz, para despu\u00e9s trasladarse al Ministerio de Trabajo de la Naci\u00f3n, en calle 27 de abril, donde se hizo un acto de cierre, con discursos de un delegado del sector, uno de los m\u00e1s castigados por los despidos y la precarizaci\u00f3n laboral que sufrimos los trabajadores del Estado.<\/p>\n<p>\u201cEste gobierno se propone dejar a cada vez m\u00e1s gente con hambre\u201d, dijo Salerno al iniciar su discurso frente a los compa\u00f1eros presentes, rescatando la presencia de UCRA en la marcha y se\u00f1alando la satisfacci\u00f3n que el sindicato de choferes est\u00e9 funcionando en la sede de ATE.<\/p>\n<p><img loading=\"lazy\" decoding=\"async\" class=\"aligncenter size-full wp-image-10372\" src=\"http:\/\/www.atecordoba.org\/wp-content\/uploads\/2018\/09\/IMG_8590-e1536852884307.jpg\" alt=\"\" width=\"550\" height=\"413\"><\/p>\n<p>\u201cEste paro tiene impacto nacional y tambi\u00e9n en C\u00f3rdoba. Otra concentraci\u00f3n se est\u00e1 llevando a cabo en Gui\u00f1az\u00fa, con compa\u00f1eros de la CTA Aut\u00f3noma, que organiza el compa\u00f1ero Federico Guliani. En villa mar\u00eda, rio Cuarto y R\u00edo Tercero tambi\u00e9n se suceden las actividades de protesta durante esta jornada de lucha\u201d, agreg\u00f3 la dirigente.<\/p>\n<p>Salerno afirm\u00f3 que es necesario estar movilizados y que \u201cseguramente la semana que viene habr\u00e1 alg\u00fan otro movimiento, m\u00e1s all\u00e1 de lo que vayamos a hacer los d\u00edas 24 y 25\u201d.<\/p>\n<p><img loading=\"lazy\" decoding=\"async\" class=\"aligncenter size-full wp-image-10373\" src=\"http:\/\/www.atecordoba.org\/wp-content\/uploads\/2018\/09\/IMG_8639-e1536852905474.jpg\" alt=\"\" width=\"550\" height=\"413\"><\/p>\n<p>\u201cSe vienen tiempos&nbsp; m\u00e1s dif\u00edciles que los que hemos pasado. Sabemos todos que ocurre cuando en una familia hay un despedido. Es impresionante como hoy hay despidos, tambi\u00e9n en los sectores privados que no salen en los medios de informaci\u00f3n, c\u00f3mo cierran sus puertas los comercios y est\u00e1 desapareciendo la industria nacional. Esto no es una casualidad, pretenden reemplazar a los empresarios nacionales con otros que vienen desde el imperio del norte. Esto se resume a que nos vamos a quedar sin empresas ni empresarios nacionales\u201d, asegur\u00f3.<\/p>\n<p><img loading=\"lazy\" decoding=\"async\" class=\"aligncenter size-full wp-image-10374\" src=\"http:\/\/www.atecordoba.org\/wp-content\/uploads\/2018\/09\/WhatsApp-Image-2018-09-12-at-14.25.47-e1536852947452.jpeg\" alt=\"\" width=\"550\" height=\"309\"><\/p>\n<p>\u201cHoy es un d\u00eda que ATE le dio la impronta de salir a parar los despidos en los lugares de producci\u00f3n. Pero sabemos que todos los lugares son importantes, vamos a seguir en la calle porque vamos a combatir este gobierno que tiene sus grandes aliados en esta provincia y en otras, no en vano los gobernadores han aceptado callado el acuerdo con el FMI y un endeudamiento del pa\u00eds por 100 a\u00f1os\u201d, concluy\u00f3.<\/p>\n<p>\u201cPor todo eso hoy es el momento para que estemos todos juntos en la calle en unidad, que es lo que corresponde en las actuales circunstancias\u201d, finaliz\u00f3.<\/p>\n","protected":false},"excerpt":{"rendered":"<p>El CDP se moviliz\u00f3 ayer al Ministerio de Trabajo para reclamar contra los despidos y el ajuste. En el marco del paro nacional que ATE realiza hoy en todo el pa\u00eds, el Consejo Directivo Provincial llev\u00f3 a cabo ayer una movilizaci\u00f3n que recorri\u00f3 el centro de la ciudad para expresar el rechazo de los estatales [&hellip;]<\/p>\n","protected":false},"author":1,"featured_media":19220,"comment_status":"open","ping_status":"open","sticky":false,"template":"","format":"standard","meta":{"_exactmetrics_skip_tracking":false,"_exactmetrics_sitenote_active":false,"_exactmetrics_sitenote_note":"","_exactmetrics_sitenote_category":0,"jnews-multi-image_gallery":[],"jnews_single_post":[],"jnews_primary_category":[],"jnews_social_meta":[],"jnews_review":[],"enable_review":"","type":"","name":"","summary":"","brand":"","sku":"","good":[],"bad":[],"score_override":"","override_value":"","rating":[],"price":[],"jnews_override_counter":[],"jnews_post_split":[],"footnotes":""},"categories":[21],"tags":[],"class_list":["post-10369","post","type-post","status-publish","format-standard","has-post-thumbnail","hentry","category-paro-nacional"],"jetpack_featured_media_url":"https:\/\/atecordoba.org\/wp-content\/uploads\/2020\/05\/logo-nuevochico-e1561581322808.png","_links":{"self":[{"href":"https:\/\/atecordoba.org\/index.php?rest_route=\/wp\/v2\/posts\/10369","targetHints":{"allow":["GET"]}}],"collection":[{"href":"https:\/\/atecordoba.org\/index.php?rest_route=\/wp\/v2\/posts"}],"about":[{"href":"https:\/\/atecordoba.org\/index.php?rest_route=\/wp\/v2\/types\/post"}],"author":[{"embeddable":true,"href":"https:\/\/atecordoba.org\/index.php?rest_route=\/wp\/v2\/users\/1"}],"replies":[{"embeddable":true,"href":"https:\/\/atecordoba.org\/index.php?rest_route=%2Fwp%2Fv2%2Fcomments&post=10369"}],"version-history":[{"count":0,"href":"https:\/\/atecordoba.org\/index.php?rest_route=\/wp\/v2\/posts\/10369\/revisions"}],"wp:featuredmedia":[{"embeddable":true,"href":"https:\/\/atecordoba.org\/index.php?rest_route=\/wp\/v2\/media\/19220"}],"wp:attachment":[{"href":"https:\/\/atecordoba.org\/index.php?rest_route=%2Fwp%2Fv2%2Fmedia&parent=10369"}],"wp:term":[{"taxonomy":"category","embeddable":true,"href":"https:\/\/atecordoba.org\/index.php?rest_route=%2Fwp%2Fv2%2Fcategories&post=10369"},{"taxonomy":"post_tag","embeddable":true,"href":"https:\/\/atecordoba.org\/index.php?rest_route=%2Fwp%2Fv2%2Ftags&post=10369"}],"curies":[{"name":"wp","href":"https:\/\/api.w.org\/{rel}","templated":true}]}}