{"id":10366,"date":"2018-09-11T15:41:02","date_gmt":"2018-09-11T18:41:02","guid":{"rendered":"http:\/\/www.atecordoba.org\/?p=10366"},"modified":"2018-09-11T15:41:02","modified_gmt":"2018-09-11T18:41:02","slug":"proyecto-de-ley-suspencion-de-despidos-en-el-estado-nacional-por-180-dias","status":"publish","type":"post","link":"https:\/\/atecordoba.org\/?p=10366","title":{"rendered":"Proyecto de Ley: suspenci\u00f3n de despidos en el Estado Nacional por 180 d\u00edas"},"content":{"rendered":"<p class=\"copete\"><em>El proyecto propone tambi\u00e9n retrotraer la planta de trabajadores y trabajadoras al 1\u00ba de mayo de 2018.<\/em><\/p>\n<p><img loading=\"lazy\" decoding=\"async\" class=\"aligncenter  wp-image-10367\" src=\"http:\/\/www.atecordoba.org\/wp-content\/uploads\/2018\/09\/senado.jpg\" alt=\"\" width=\"547\" height=\"307\"><\/p>\n<div class=\"sliderkit-panel sliderkit-panel-active\">\n<p style=\"font-weight: 400;\">La Senadora Nacional por la Provincia de Santa Fe Mar\u00eda de los \u00c1ngeles Sacnun present\u00f3 el pasado jueves 6 de septiembre un proyecto de ley que declara \u201cla emergencia p\u00fablica en materia ocupacional\u201d por 180 d\u00edas en el Estado Nacional, proh\u00edbe los despidos o suspensiones, y determina retrotraer la planta de trabajadores al 1\u00b0 de mayo de 2018. Adem\u00e1s de Sacnun, acompa\u00f1an y firman el proyecto los senadores Fernando \u2018Pino\u2019 Solanas, Marcelo Fuentes, Magdalena Odarda, Silvina Garc\u00eda Larraburu, Mar\u00eda In\u00e9s Pilatti Vergara y Nancy Gonz\u00e1lez.<\/p>\n<p style=\"font-weight: 400;\">La presentaci\u00f3n del proyecto se realiz\u00f3 un d\u00eda despu\u00e9s de una&nbsp;<a href=\"http:\/\/www.atecordoba.org\/archivos\/10343\">Gran Audiencia llevada adelante en el Senado<\/a>, convocada por la Comisi\u00f3n de Industria de la C\u00e1mara Alta del Congreso, y de la que participaron trabajadores del Astillero R\u00edo Santiago y de Fabricaciones Militares, dirigentes de ATE y otros gremios, intendentes y legisladores, que reclamaron por la reactivaci\u00f3n y contra los despidos.<\/p>\n<p style=\"font-weight: 400;\">Durante la Gran Audiencia, el Secretario General de ATE Nacional, Hugo \u2018Cachorro\u2019 Godoy, alert\u00f3: \u201cEl vaciamiento de empresas, el recorte de pol\u00edticas p\u00fablicas, y cierre de f\u00e1bricas, todo esto tiene un costo concreto para el pueblo argentino y se mide en vidas. Nosotros venimos a depositar confianza para poder compartir respuestas conjuntas, si el Poder Ejecutivo no las da, nosotros vamos a trabajar para que estas respuestas aparezcan en el Congreso\u201d.<\/p>\n<p style=\"font-weight: 400;\">La Senadora Mar\u00eda de los \u00c1ngeles Sacnun enumer\u00f3: \u201cAstilleros R\u00edo Santiago, Tandanor, Ministerios cerrados, pasando por Agroindustria, la Secretar\u00eda de Agricultura Familiar, Fabricaciones Militares, INTI, INTA, Conicet, INCAA, SENASA, Educaci\u00f3n, son ejemplos de reparticiones estatales donde sus recursos humanos fueron injustamente dejados sin trabajo por disposici\u00f3n del FMI y la \u00fanica necesidad de reducir el d\u00e9ficit fiscal\u201d.<\/p>\n<p style=\"font-weight: 400;\">En su art\u00edculo primero, el proyecto presentado declara \u201cla emergencia p\u00fablica en materia ocupacional por el t\u00e9rmino de ciento ochenta (180) d\u00edas en todo el territorio nacional para todos los trabajadores del Estado Nacional, Sector P\u00fablico Nacional, entes descentralizados, empresas del Estado, sociedades an\u00f3nimas con participaci\u00f3n estatal mayoritaria y cualquier otra forma asociativa donde el Estado Nacional posea capacidad de decisi\u00f3n mayoritaria\u201d. Asimismo se establece la prohibici\u00f3n por el periodo que dure la emergencia de \u201cdespidos o suspensiones sin justa causa para todos los trabajadores del Estado Nacional\u201d,&nbsp; la cual se aplica \u201csin importar la modalidad contractual\u201d, y retrotrae la planta de trabajadores del Estado Nacional al d\u00eda 1\u00b0 de mayo de 2018, entre otros puntos.<\/p>\n<p style=\"font-weight: 400;\">\u201cDesde el Congreso nacional debemos proteger el empleo y evitar el desguace del Estado Nacional que realiza el Poder ejecutivo a trav\u00e9s de medidas inconstitucionales, injustas y ostensiblemente arbitrarias. Esta pol\u00edtica de disminuci\u00f3n a su m\u00ednima expresi\u00f3n del rol del Estado tiene la particularidad de dejar a un total de 10.000 familias sin trabajo\u201d, concluy\u00f3 Sacnun.<\/p>\n<\/div>\n","protected":false},"excerpt":{"rendered":"<p>El proyecto propone tambi\u00e9n retrotraer la planta de trabajadores y trabajadoras al 1\u00ba de mayo de 2018. La Senadora Nacional por la Provincia de Santa Fe Mar\u00eda de los \u00c1ngeles Sacnun present\u00f3 el pasado jueves 6 de septiembre un proyecto de ley que declara \u201cla emergencia p\u00fablica en materia ocupacional\u201d por 180 d\u00edas en el [&hellip;]<\/p>\n","protected":false},"author":1,"featured_media":19220,"comment_status":"open","ping_status":"open","sticky":false,"template":"","format":"standard","meta":{"_exactmetrics_skip_tracking":false,"_exactmetrics_sitenote_active":false,"_exactmetrics_sitenote_note":"","_exactmetrics_sitenote_category":0,"jnews-multi-image_gallery":[],"jnews_single_post":[],"jnews_primary_category":[],"jnews_social_meta":[],"jnews_review":[],"enable_review":"","type":"","name":"","summary":"","brand":"","sku":"","good":[],"bad":[],"score_override":"","override_value":"","rating":[],"price":[],"jnews_override_counter":[],"jnews_post_split":[],"footnotes":""},"categories":[143,18],"tags":[],"class_list":["post-10366","post","type-post","status-publish","format-standard","has-post-thumbnail","hentry","category-congreso-nacional","category-nacionales"],"jetpack_featured_media_url":"https:\/\/atecordoba.org\/wp-content\/uploads\/2020\/05\/logo-nuevochico-e1561581322808.png","_links":{"self":[{"href":"https:\/\/atecordoba.org\/index.php?rest_route=\/wp\/v2\/posts\/10366","targetHints":{"allow":["GET"]}}],"collection":[{"href":"https:\/\/atecordoba.org\/index.php?rest_route=\/wp\/v2\/posts"}],"about":[{"href":"https:\/\/atecordoba.org\/index.php?rest_route=\/wp\/v2\/types\/post"}],"author":[{"embeddable":true,"href":"https:\/\/atecordoba.org\/index.php?rest_route=\/wp\/v2\/users\/1"}],"replies":[{"embeddable":true,"href":"https:\/\/atecordoba.org\/index.php?rest_route=%2Fwp%2Fv2%2Fcomments&post=10366"}],"version-history":[{"count":0,"href":"https:\/\/atecordoba.org\/index.php?rest_route=\/wp\/v2\/posts\/10366\/revisions"}],"wp:featuredmedia":[{"embeddable":true,"href":"https:\/\/atecordoba.org\/index.php?rest_route=\/wp\/v2\/media\/19220"}],"wp:attachment":[{"href":"https:\/\/atecordoba.org\/index.php?rest_route=%2Fwp%2Fv2%2Fmedia&parent=10366"}],"wp:term":[{"taxonomy":"category","embeddable":true,"href":"https:\/\/atecordoba.org\/index.php?rest_route=%2Fwp%2Fv2%2Fcategories&post=10366"},{"taxonomy":"post_tag","embeddable":true,"href":"https:\/\/atecordoba.org\/index.php?rest_route=%2Fwp%2Fv2%2Ftags&post=10366"}],"curies":[{"name":"wp","href":"https:\/\/api.w.org\/{rel}","templated":true}]}}