{"id":10363,"date":"2018-09-11T15:01:42","date_gmt":"2018-09-11T18:01:42","guid":{"rendered":"http:\/\/www.atecordoba.org\/?p=10363"},"modified":"2018-09-11T15:01:42","modified_gmt":"2018-09-11T18:01:42","slug":"presentacion-oficial-de-ucra-seccional-cordoba-en-ate","status":"publish","type":"post","link":"https:\/\/atecordoba.org\/?p=10363","title":{"rendered":"Presentaci\u00f3n oficial de UCRA Seccional C\u00f3rdoba en ATE"},"content":{"rendered":"<p><em>Con una Conferencia de Prensa realizada en nuestra sede el viernes pasado, se present\u00f3 oficialmente la Seccional C\u00f3rdoba de la Uni\u00f3n de Conductores de la Rep\u00fablica Argentina (UCRA-CTA-A), sindicato que nuclea a los choferes, mec\u00e1nicos y administrativos de las empresas de colectivos de corta, media y larga distancia, que a partir de ese momento se incorpor\u00f3 a la Central de esta provincia.<\/em><\/p>\n<p><img loading=\"lazy\" decoding=\"async\" class=\"aligncenter size-full wp-image-10364\" src=\"http:\/\/www.atecordoba.org\/wp-content\/uploads\/2018\/09\/ucra-conf-prensa-e1536688832873.jpeg\" alt=\"\" width=\"550\" height=\"413\"><\/p>\n<p>Estuvieron presentes, entre otros, el secretario General de UCRA a nivel nacional, Silverio G\u00f3mez; el secretario Nacional Adjunto de la CTA Aut\u00f3noma y titular de ATE Nacional, Hugo \u201cCachorro\u201d Godoy; Federico Giuliani, Secretario General de la CTA-A Provincia de C\u00f3rdoba; Diego Guerra, Secretario General de la CTA Regional C\u00f3rdoba; y Liliana Salerno, Secretaria General de ATE C\u00f3rdoba.<\/p>\n<p>Abri\u00f3 el encuentro el flamante secretario General de la Seccional C\u00f3rdoba de la UCRA, Marcelo Mar\u00edn rese\u00f1ando los pasos que desembocaron en la decisi\u00f3n de un grupo importantes de choferes de UTA de afiliarse a UCRA y constituir la Seccional C\u00f3rdoba de la organizaci\u00f3n.<\/p>\n<p>Para Silverio G\u00f3mez se trata \u201cde un jal\u00f3n m\u00e1s en nuestro crecimiento como gremio representativo de los trabajadores del transporte. Estamos refundando la Seccional C\u00f3rdoba de UCRA y creemos que esta decisi\u00f3n ser\u00e1 en beneficio de los trabajadores del sector pero tambi\u00e9n de toda la CTA\u201d.<\/p>\n<p>Por su parte, Salerno reconoci\u00f3 la importancia de que en ATE se lanzara una organizaci\u00f3n sindical de nuevo tipo que llega a C\u00f3rdoba a fortalecer los gremios estatales y privados que conformamos la CTA Aut\u00f3noma.<\/p>\n<p>Luego hizo uso de la palabra \u201cCachorro\u201d Godoy, quien destac\u00f3 el crecimiento de la CTA Aut\u00f3noma con la incorporaci\u00f3n de nuevas organizaciones del sector privado como recientemente fue el caso de SITRAIC,y ahora el desembarco en C\u00f3rdoba de la UCRA. Insisti\u00f3 en la necesidad de llevar adelante la unidad de acci\u00f3n para frenar el ajuste y convoc\u00f3 a participar de la Jornada Nacional de Lucha del 12 de septiembre.<\/p>\n<p>Por su parte, Giuliani salud\u00f3 la incorporaci\u00f3n de UCRA al quehacer de la CTA Aut\u00f3noma cordobesa y se\u00f1al\u00f3: &#8220;No tengo dudas que a diferencia de lo que hacen los dirigentes traidores de la UTA, ustedes sabr\u00e1n llevar adelante el estandarte de lucha, entrega y combatividad que nos dejara el gran \u2019Negro\u2019 Atilio L\u00f3pez\u201d.<\/p>\n<p>Tambi\u00e9n indic\u00f3 la importancia de extender el armado a nivel provincial poniendo a disposici\u00f3n del gremio las regionales de la CTA-A de C\u00f3rdoba Capital; San Francisco; Villa Mar\u00eda; R\u00edo Cuarto y R\u00edo Tercero \u201cpara hacer frente a las corporaciones cada vez m\u00e1s concentradas de las patronales del transporte que cuentan con la complicidad de la patota de la UTA\u201d.<\/p>\n<p><strong>(Prensa CTA-A Nacional)<\/strong><\/p>\n<p>&nbsp;<\/p>\n","protected":false},"excerpt":{"rendered":"<p>Con una Conferencia de Prensa realizada en nuestra sede el viernes pasado, se present\u00f3 oficialmente la Seccional C\u00f3rdoba de la Uni\u00f3n de Conductores de la Rep\u00fablica Argentina (UCRA-CTA-A), sindicato que nuclea a los choferes, mec\u00e1nicos y administrativos de las empresas de colectivos de corta, media y larga distancia, que a partir de ese momento se [&hellip;]<\/p>\n","protected":false},"author":1,"featured_media":19220,"comment_status":"open","ping_status":"open","sticky":false,"template":"","format":"standard","meta":{"_exactmetrics_skip_tracking":false,"_exactmetrics_sitenote_active":false,"_exactmetrics_sitenote_note":"","_exactmetrics_sitenote_category":0,"jnews-multi-image_gallery":[],"jnews_single_post":[],"jnews_primary_category":[],"jnews_social_meta":[],"jnews_review":[],"enable_review":"","type":"","name":"","summary":"","brand":"","sku":"","good":[],"bad":[],"score_override":"","override_value":"","rating":[],"price":[],"jnews_override_counter":[],"jnews_post_split":[],"footnotes":""},"categories":[10,92],"tags":[],"class_list":["post-10363","post","type-post","status-publish","format-standard","has-post-thumbnail","hentry","category-accion-politica","category-cta"],"jetpack_featured_media_url":"https:\/\/atecordoba.org\/wp-content\/uploads\/2020\/05\/logo-nuevochico-e1561581322808.png","_links":{"self":[{"href":"https:\/\/atecordoba.org\/index.php?rest_route=\/wp\/v2\/posts\/10363","targetHints":{"allow":["GET"]}}],"collection":[{"href":"https:\/\/atecordoba.org\/index.php?rest_route=\/wp\/v2\/posts"}],"about":[{"href":"https:\/\/atecordoba.org\/index.php?rest_route=\/wp\/v2\/types\/post"}],"author":[{"embeddable":true,"href":"https:\/\/atecordoba.org\/index.php?rest_route=\/wp\/v2\/users\/1"}],"replies":[{"embeddable":true,"href":"https:\/\/atecordoba.org\/index.php?rest_route=%2Fwp%2Fv2%2Fcomments&post=10363"}],"version-history":[{"count":0,"href":"https:\/\/atecordoba.org\/index.php?rest_route=\/wp\/v2\/posts\/10363\/revisions"}],"wp:featuredmedia":[{"embeddable":true,"href":"https:\/\/atecordoba.org\/index.php?rest_route=\/wp\/v2\/media\/19220"}],"wp:attachment":[{"href":"https:\/\/atecordoba.org\/index.php?rest_route=%2Fwp%2Fv2%2Fmedia&parent=10363"}],"wp:term":[{"taxonomy":"category","embeddable":true,"href":"https:\/\/atecordoba.org\/index.php?rest_route=%2Fwp%2Fv2%2Fcategories&post=10363"},{"taxonomy":"post_tag","embeddable":true,"href":"https:\/\/atecordoba.org\/index.php?rest_route=%2Fwp%2Fv2%2Ftags&post=10363"}],"curies":[{"name":"wp","href":"https:\/\/api.w.org\/{rel}","templated":true}]}}