{"id":10350,"date":"2018-09-11T11:30:08","date_gmt":"2018-09-11T14:30:08","guid":{"rendered":"http:\/\/www.atecordoba.org\/?p=10350"},"modified":"2020-07-02T11:33:23","modified_gmt":"2020-07-02T14:33:23","slug":"plenario-regional-de-la-anac-repudio-el-intento-de-terciarizacion-de-funciones-de-la-anac-hacia-el-sector-privado","status":"publish","type":"post","link":"https:\/\/atecordoba.org\/?p=10350","title":{"rendered":"Plenario regional de la ANAC repudi\u00f3 el intento de terciarizacion de funciones hacia el sector privado"},"content":{"rendered":"<p><em>Representantes de C\u00f3rdoba, San Luis, Catamarca, Termas y Santa Fe &nbsp;exigieron un aumento salarial superior al acordado por el gobierno con UPCN.<\/em><\/p>\n<p><img loading=\"lazy\" decoding=\"async\" class=\"aligncenter size-full wp-image-10351\" src=\"http:\/\/www.atecordoba.org\/wp-content\/uploads\/2018\/09\/foto-plenario-e1536676129851.jpg\" alt=\"\" width=\"550\" height=\"413\"><\/p>\n<p>El plenario regional realizado el pasado jueves 6 de septiembre, tuvo como objetivo fortalecer la organizaci\u00f3n de los trabajadores de la ANAC, unificando criterios en el marco del debate y dando una se\u00f1al clara a los funcionarios de que no van a permitir la p\u00e9rdida de ning\u00fan derecho.<\/p>\n<p>En esta l\u00ednea el plenario defini\u00f3 de forma contundente el repudio ante el intento de terciarizacion de funciones de la ANAC hacia el sector privado y se exigi\u00f3 un aumento superior al acordado entre el gobierno y UPCN.<\/p>\n<p>Paralelo al plenario se llevaron adelante asambleas en el Aeropuerto Internacional de Ezeiza, Cabecera de Regi\u00f3n Noroeste y en la DCA C\u00f3rdoba.<\/p>\n<p>En tal sentido, el dirigente de ATE Ezeiza Marcelo Belelli, resumi\u00f3 el esp\u00edritu de los acordado: \u201ccomo con la sociedad an\u00f3nima y cuando la Fuerza A\u00e9rea quiso volver a los servicios de tr\u00e1nsito a\u00e9reo, desde ATE vamos a seguir teniendo una bandera de resistencia, de lucha, de coherencia porque las convicciones no cambiaron, porque seguimos creyendo que esas son las herramientas para tener un trabajo digno y una aviaci\u00f3n segura y eficaz\u201d.<\/p>\n<p>Y finaliz\u00f3: \u201cno se puede concebir una aviaci\u00f3n comercial con una Anac en decadencia, sin inversiones ni desarrollo. As\u00ed que vamos a repudiar el intento de tercerizaci\u00f3n de funciones y vamos a fortalecer la organizaci\u00f3n para resistir esta iniciativa del Gobierno Nacional\u201d. &nbsp;<\/p>\n<p>En la oportunidad, estuvo presente la secretaria General del CDP, Liliana Salerno, junto al secretario Gremial, Diego Guerra, y de Prensa, Daniel Pawluchuzk.<\/p>\n<p><img loading=\"lazy\" decoding=\"async\" class=\"aligncenter size-full wp-image-10352\" src=\"http:\/\/www.atecordoba.org\/wp-content\/uploads\/2018\/09\/acta-plenario-SEPTIEMBRE2018-e1536676168559.jpg\" alt=\"\" width=\"300\" height=\"422\"><\/p>\n<p><img loading=\"lazy\" decoding=\"async\" class=\"aligncenter size-full wp-image-10353\" src=\"http:\/\/www.atecordoba.org\/wp-content\/uploads\/2018\/09\/acta-2-plenario-SEPTIEMBRE-2018-e1536676183112.jpeg\" alt=\"\" width=\"300\" height=\"428\"><\/p>\n","protected":false},"excerpt":{"rendered":"<p>Representantes de C\u00f3rdoba, San Luis, Catamarca, Termas y Santa Fe &nbsp;exigieron un aumento salarial superior al acordado por el gobierno con UPCN. El plenario regional realizado el pasado jueves 6 de septiembre, tuvo como objetivo fortalecer la organizaci\u00f3n de los trabajadores de la ANAC, unificando criterios en el marco del debate y dando una se\u00f1al [&hellip;]<\/p>\n","protected":false},"author":1,"featured_media":19220,"comment_status":"open","ping_status":"open","sticky":false,"template":"","format":"standard","meta":{"_exactmetrics_skip_tracking":false,"_exactmetrics_sitenote_active":false,"_exactmetrics_sitenote_note":"","_exactmetrics_sitenote_category":0,"jnews-multi-image_gallery":[],"jnews_single_post":[],"jnews_primary_category":[],"jnews_social_meta":[],"jnews_review":[],"enable_review":"","type":"","name":"","summary":"","brand":"","sku":"","good":[],"bad":[],"score_override":"","override_value":"","rating":[],"price":[],"jnews_override_counter":[],"jnews_post_split":[],"footnotes":""},"categories":[18],"tags":[33,347],"class_list":["post-10350","post","type-post","status-publish","format-standard","has-post-thumbnail","hentry","category-nacionales","tag-anac","tag-movimiento-aeronautico-cordobes-mac"],"jetpack_featured_media_url":"https:\/\/atecordoba.org\/wp-content\/uploads\/2020\/05\/logo-nuevochico-e1561581322808.png","_links":{"self":[{"href":"https:\/\/atecordoba.org\/index.php?rest_route=\/wp\/v2\/posts\/10350","targetHints":{"allow":["GET"]}}],"collection":[{"href":"https:\/\/atecordoba.org\/index.php?rest_route=\/wp\/v2\/posts"}],"about":[{"href":"https:\/\/atecordoba.org\/index.php?rest_route=\/wp\/v2\/types\/post"}],"author":[{"embeddable":true,"href":"https:\/\/atecordoba.org\/index.php?rest_route=\/wp\/v2\/users\/1"}],"replies":[{"embeddable":true,"href":"https:\/\/atecordoba.org\/index.php?rest_route=%2Fwp%2Fv2%2Fcomments&post=10350"}],"version-history":[{"count":1,"href":"https:\/\/atecordoba.org\/index.php?rest_route=\/wp\/v2\/posts\/10350\/revisions"}],"predecessor-version":[{"id":20548,"href":"https:\/\/atecordoba.org\/index.php?rest_route=\/wp\/v2\/posts\/10350\/revisions\/20548"}],"wp:featuredmedia":[{"embeddable":true,"href":"https:\/\/atecordoba.org\/index.php?rest_route=\/wp\/v2\/media\/19220"}],"wp:attachment":[{"href":"https:\/\/atecordoba.org\/index.php?rest_route=%2Fwp%2Fv2%2Fmedia&parent=10350"}],"wp:term":[{"taxonomy":"category","embeddable":true,"href":"https:\/\/atecordoba.org\/index.php?rest_route=%2Fwp%2Fv2%2Fcategories&post=10350"},{"taxonomy":"post_tag","embeddable":true,"href":"https:\/\/atecordoba.org\/index.php?rest_route=%2Fwp%2Fv2%2Ftags&post=10350"}],"curies":[{"name":"wp","href":"https:\/\/api.w.org\/{rel}","templated":true}]}}