{"id":10347,"date":"2018-09-06T14:24:52","date_gmt":"2018-09-06T17:24:52","guid":{"rendered":"http:\/\/www.atecordoba.org\/?p=10347"},"modified":"2018-09-06T14:24:52","modified_gmt":"2018-09-06T17:24:52","slug":"hugo-godoy-en-cordoba-en-el-lanzamiento-de-ucra-con-marcelo-marin","status":"publish","type":"post","link":"https:\/\/atecordoba.org\/?p=10347","title":{"rendered":"Hugo Godoy en C\u00f3rdoba en el lanzamiento de UCRA con Marcelo Mar\u00edn"},"content":{"rendered":"<p><em>El Secretario General de ATE participar\u00e1 ma\u00f1ana de la conferencia de prensa que se realizar\u00e1 con motivo de la presentaci\u00f3n de la conducci\u00f3n local del gremio de los choferes de transporte, afiliado a la CTA-A.<\/em><\/p>\n<p><img loading=\"lazy\" decoding=\"async\" class=\"size-full wp-image-10348\" src=\"http:\/\/www.atecordoba.org\/wp-content\/uploads\/2018\/09\/godoy-2-e1536254556172.jpg\" alt=\"\" width=\"550\" height=\"297\"><\/p>\n<p>&nbsp;<\/p>\n<p><span style=\"font-size: 16px;\">La convocatoria es ma\u00f1ana viernes 7 de septiembre, a las 9 horas, en el tercer piso de la sede de ATE, Entre R\u00edos 450. En la oportunidad estar\u00e1 presente el secretario General de ATE Nacional, Hugo Godoy, para acompa\u00f1ar a los trabajadores del transporte p\u00fablico que se organizan en la Uni\u00f3n de Conductores de la Rep\u00fablica Argentina (UCRA), encabezados por el compa\u00f1ero Marcelo Mar\u00edn.<\/span><\/p>\n<p><span style=\"font-size: 16px;\">As\u00ed mismo est\u00e1 prevista la presencia del secretario General de UCRA Nacional, Silverio G\u00f3mez, que dar\u00e1 un panorama de la situaci\u00f3n de los trabajadores del sector en todo el pa\u00eds, y de Alberto Pianelli, Secretario General de la Asociaci\u00f3n Gremial de los Trabajadores del Subte y Premetro (Metrodelegados), entre otros dirigentes que llegan a C\u00f3rdoba a apoyar esta nueva experiencia organizativa gremial en la provincia, alternativa a la UTA.<\/span><\/p>\n<p>Por su parte, Godoy, junto a la conducci\u00f3n provincial de ATE, dar\u00e1 cuenta de la situaci\u00f3n del plan de lucha que nuestro gremio lleva adelante a nivel nacional, rechazando las reformas que el gobierno de Mauricio Macri implement\u00f3 recientemente en el Estado nacional, reclamando la reincorporaci\u00f3n de todos los trabajadores despedidos por la actual administraci\u00f3n, y planteando la necesidad de una recomposici\u00f3n salarial que recupere la ca\u00edda del poder adquisitivo de los haberes de los estatales, dada la escalada inflacionaria vigente.<\/p>\n<p>Cabe se\u00f1alar que la semana que viene, el 12 de septiembre, ATE realizar\u00e1 un paro nacional de actividades en todo el pa\u00eds, en tanto los d\u00edas 24 y 25 del corriente se llevar\u00e1 a cabo un paro de 36 horas, en concordancia con la medida de fuerza dispuesta por la CTA Aut\u00f3noma y las dem\u00e1s centrales sindicales.<\/p>\n","protected":false},"excerpt":{"rendered":"<p>El Secretario General de ATE participar\u00e1 ma\u00f1ana de la conferencia de prensa que se realizar\u00e1 con motivo de la presentaci\u00f3n de la conducci\u00f3n local del gremio de los choferes de transporte, afiliado a la CTA-A. &nbsp; La convocatoria es ma\u00f1ana viernes 7 de septiembre, a las 9 horas, en el tercer piso de la sede [&hellip;]<\/p>\n","protected":false},"author":1,"featured_media":19220,"comment_status":"open","ping_status":"open","sticky":false,"template":"","format":"standard","meta":{"_exactmetrics_skip_tracking":false,"_exactmetrics_sitenote_active":false,"_exactmetrics_sitenote_note":"","_exactmetrics_sitenote_category":0,"jnews-multi-image_gallery":[],"jnews_single_post":[],"jnews_primary_category":[],"jnews_social_meta":[],"jnews_review":[],"enable_review":"","type":"","name":"","summary":"","brand":"","sku":"","good":[],"bad":[],"score_override":"","override_value":"","rating":[],"price":[],"jnews_override_counter":[],"jnews_post_split":[],"footnotes":""},"categories":[10],"tags":[],"class_list":["post-10347","post","type-post","status-publish","format-standard","has-post-thumbnail","hentry","category-accion-politica"],"jetpack_featured_media_url":"https:\/\/atecordoba.org\/wp-content\/uploads\/2020\/05\/logo-nuevochico-e1561581322808.png","_links":{"self":[{"href":"https:\/\/atecordoba.org\/index.php?rest_route=\/wp\/v2\/posts\/10347","targetHints":{"allow":["GET"]}}],"collection":[{"href":"https:\/\/atecordoba.org\/index.php?rest_route=\/wp\/v2\/posts"}],"about":[{"href":"https:\/\/atecordoba.org\/index.php?rest_route=\/wp\/v2\/types\/post"}],"author":[{"embeddable":true,"href":"https:\/\/atecordoba.org\/index.php?rest_route=\/wp\/v2\/users\/1"}],"replies":[{"embeddable":true,"href":"https:\/\/atecordoba.org\/index.php?rest_route=%2Fwp%2Fv2%2Fcomments&post=10347"}],"version-history":[{"count":0,"href":"https:\/\/atecordoba.org\/index.php?rest_route=\/wp\/v2\/posts\/10347\/revisions"}],"wp:featuredmedia":[{"embeddable":true,"href":"https:\/\/atecordoba.org\/index.php?rest_route=\/wp\/v2\/media\/19220"}],"wp:attachment":[{"href":"https:\/\/atecordoba.org\/index.php?rest_route=%2Fwp%2Fv2%2Fmedia&parent=10347"}],"wp:term":[{"taxonomy":"category","embeddable":true,"href":"https:\/\/atecordoba.org\/index.php?rest_route=%2Fwp%2Fv2%2Fcategories&post=10347"},{"taxonomy":"post_tag","embeddable":true,"href":"https:\/\/atecordoba.org\/index.php?rest_route=%2Fwp%2Fv2%2Ftags&post=10347"}],"curies":[{"name":"wp","href":"https:\/\/api.w.org\/{rel}","templated":true}]}}