{"id":10339,"date":"2018-09-05T15:58:58","date_gmt":"2018-09-05T18:58:58","guid":{"rendered":"http:\/\/www.atecordoba.org\/?p=10339"},"modified":"2018-09-05T15:58:58","modified_gmt":"2018-09-05T18:58:58","slug":"movilizacion-y-corte-de-ruta-frente-a-la-sociedad-rural-de-rio-cuarto","status":"publish","type":"post","link":"https:\/\/atecordoba.org\/?p=10339","title":{"rendered":"Movilizaci\u00f3n y corte de ruta frente a la Sociedad Rural de R\u00edo Cuarto"},"content":{"rendered":"<p><em>Ante la presunta visita del ministro de Agroindustria Luis Etchevehere a la sociedad rural del sur provincial, ATE se moviliz\u00f3 para repudiar los despidos de Agricultura Familiar y Senasa y exigir la reincorporaci\u00f3n de todos los compa\u00f1eros.<\/em><\/p>\n<p><img loading=\"lazy\" decoding=\"async\" class=\"aligncenter size-full wp-image-10340\" src=\"http:\/\/www.atecordoba.org\/wp-content\/uploads\/2018\/09\/rural-rio-cuarto3-e1536173881189.jpg\" alt=\"\" width=\"550\" height=\"413\"><\/p>\n<p>El s\u00e1bado pasado compa\u00f1eros de ATE de C\u00f3rdoba, Entre R\u00edos, San Luis y Santa Fe se movilizaron frente a la Sociedad Rural de R\u00edo Cuarto para repudiar la presencia del ministro de Agroindustria (ahora Secretario del \u00e1rea) Luis Etchevehere, causante de cientos de despidos en la Subsecretar\u00eda de Agricultura Familiar y en el Senasa, hasta casi desarticular los organismos, fundamentales para el apoyo a los peque\u00f1os productores y el control sanitario de la producci\u00f3n agr\u00edcola-ganadera en el pa\u00eds.<\/p>\n<p>Frente al escrache de los trabajadores, Etchevehere no concurri\u00f3 al lugar, tampoco lo hizo el ministro de Interior Rogelio Frigerio tal como estaba previsto.<\/p>\n<p>En la oportunidad estuvieron presentes Liliana Salerno, secretaria General de ATE C\u00f3rdoba, Federico Giuliani, secretario General CTA-A C\u00f3rdoba, Walter Avalos, secretario General de ATE R\u00edo Cuarto, Adolfo Avallone, secretario Adjunto de ATE Santa Fe, Fernando Gatica secretario Adjunto ATE San Luis y secretario General CTA-A San Luis, Jos\u00e9 Quiroga, secretario General ATE Villa Mercedes, Diego Guerra secretario General de la CTA-A Regional C\u00f3rdoba, Silvia Alcoba, secretaria General CTA-A Regional Rio Cuarto, as\u00ed como compa\u00f1eros del Movimiento de Acci\u00f3n Popular MAP y estudiantes de la federaci\u00f3n universitaria de la UNRC.<\/p>\n<p><img loading=\"lazy\" decoding=\"async\" class=\"aligncenter size-full wp-image-10341\" src=\"http:\/\/www.atecordoba.org\/wp-content\/uploads\/2018\/09\/WhatsApp-Image-2018-09-05-at-15.13.44-e1536173901749.jpeg\" alt=\"\" width=\"550\" height=\"309\"><\/p>\n<p>Los dirigentes repudiaron conjuntamente los despidos en Agroindustria, el vaciamiento y desguace del SENASA y de Agricultura Familiar en beneficio de los intereses de los sectores de poder del campo, la oligarqu\u00eda terrateniente, vacuna y agraria de la Argentina.<\/p>\n<p>En esa l\u00ednea denunciaron p\u00fablicamente al ministro Etchevehere &nbsp;como explotador y esclavizador de trabajadores rurales, estafador de su propia hermana y despedidor serial, exigiendo su inmediata renuncia.<\/p>\n<p>Por \u00faltimo, se responsabiliz\u00f3 a la dirigencia de la <u>S<\/u>ociedad Rural por ser autores ideol\u00f3gicos de despidos en el SENASA y otros organismos nacionales. \u201cSon los mismo se\u00f1ores que se benefician con el aumento del d\u00f3lar\u201d, concluyeron.<\/p>\n","protected":false},"excerpt":{"rendered":"<p>Ante la presunta visita del ministro de Agroindustria Luis Etchevehere a la sociedad rural del sur provincial, ATE se moviliz\u00f3 para repudiar los despidos de Agricultura Familiar y Senasa y exigir la reincorporaci\u00f3n de todos los compa\u00f1eros. El s\u00e1bado pasado compa\u00f1eros de ATE de C\u00f3rdoba, Entre R\u00edos, San Luis y Santa Fe se movilizaron frente [&hellip;]<\/p>\n","protected":false},"author":1,"featured_media":19220,"comment_status":"open","ping_status":"open","sticky":false,"template":"","format":"standard","meta":{"_exactmetrics_skip_tracking":false,"_exactmetrics_sitenote_active":false,"_exactmetrics_sitenote_note":"","_exactmetrics_sitenote_category":0,"jnews-multi-image_gallery":[],"jnews_single_post":[],"jnews_primary_category":[],"jnews_social_meta":[],"jnews_review":[],"enable_review":"","type":"","name":"","summary":"","brand":"","sku":"","good":[],"bad":[],"score_override":"","override_value":"","rating":[],"price":[],"jnews_override_counter":[],"jnews_post_split":[],"footnotes":""},"categories":[16,112],"tags":[],"class_list":["post-10339","post","type-post","status-publish","format-standard","has-post-thumbnail","hentry","category-saf","category-senasa"],"jetpack_featured_media_url":"https:\/\/atecordoba.org\/wp-content\/uploads\/2020\/05\/logo-nuevochico-e1561581322808.png","_links":{"self":[{"href":"https:\/\/atecordoba.org\/index.php?rest_route=\/wp\/v2\/posts\/10339","targetHints":{"allow":["GET"]}}],"collection":[{"href":"https:\/\/atecordoba.org\/index.php?rest_route=\/wp\/v2\/posts"}],"about":[{"href":"https:\/\/atecordoba.org\/index.php?rest_route=\/wp\/v2\/types\/post"}],"author":[{"embeddable":true,"href":"https:\/\/atecordoba.org\/index.php?rest_route=\/wp\/v2\/users\/1"}],"replies":[{"embeddable":true,"href":"https:\/\/atecordoba.org\/index.php?rest_route=%2Fwp%2Fv2%2Fcomments&post=10339"}],"version-history":[{"count":0,"href":"https:\/\/atecordoba.org\/index.php?rest_route=\/wp\/v2\/posts\/10339\/revisions"}],"wp:featuredmedia":[{"embeddable":true,"href":"https:\/\/atecordoba.org\/index.php?rest_route=\/wp\/v2\/media\/19220"}],"wp:attachment":[{"href":"https:\/\/atecordoba.org\/index.php?rest_route=%2Fwp%2Fv2%2Fmedia&parent=10339"}],"wp:term":[{"taxonomy":"category","embeddable":true,"href":"https:\/\/atecordoba.org\/index.php?rest_route=%2Fwp%2Fv2%2Fcategories&post=10339"},{"taxonomy":"post_tag","embeddable":true,"href":"https:\/\/atecordoba.org\/index.php?rest_route=%2Fwp%2Fv2%2Ftags&post=10339"}],"curies":[{"name":"wp","href":"https:\/\/api.w.org\/{rel}","templated":true}]}}