{"id":10332,"date":"2018-09-05T14:54:24","date_gmt":"2018-09-05T17:54:24","guid":{"rendered":"http:\/\/www.atecordoba.org\/?p=10332"},"modified":"2018-09-05T14:54:24","modified_gmt":"2018-09-05T17:54:24","slug":"estado-de-alerta-y-movilizacion-de-cara-al-paro-nacional","status":"publish","type":"post","link":"https:\/\/atecordoba.org\/?p=10332","title":{"rendered":"Estado de alerta y movilizaci\u00f3n de cara al paro nacional"},"content":{"rendered":"<p><em>El plenario de delegados analiz\u00f3 la situaci\u00f3n en el Estado a partir de la situaci\u00f3n de zozobra que viven los trabajadores, tanto por las medidas econ\u00f3micas que lleva adelante la gesti\u00f3n macrista como por los despidos y el desguace de diversos organismos nacionales.<\/em><\/p>\n<p><img loading=\"lazy\" decoding=\"async\" class=\"aligncenter size-full wp-image-10336\" src=\"http:\/\/www.atecordoba.org\/wp-content\/uploads\/2018\/09\/1.png\" alt=\"\" width=\"550\" height=\"412\"><\/p>\n<p>El plenario, encabezado por la secretaria General de ATE Liliana Salerno, cont\u00f3 con la participaci\u00f3n de un centenar de delegados de todos los organismos nacionales con sede en C\u00f3rdobas Capital, as\u00ed como delegados de los hospitales, de Educaci\u00f3n y Desarrollo Social de la provincia. Tambi\u00e9n particip\u00f3 una delegaci\u00f3n de estudiantes universitarios de la UNC que se encuentran en participando del plan de lucha en defensa de la universidad y la educaci\u00f3n p\u00fablica.&nbsp;<\/p>\n<p>En la oportunidad se resolvi\u00f3 acompa\u00f1ar la protesta de las CGTs que se realizar\u00e1 el pr\u00f3ximo viernes 7, con concentraci\u00f3n en sede de ATE para movilizarnos por el centro de la ciudad. &nbsp;<\/p>\n<p>Al mismo tiempo, se resolvi\u00f3 dar el apoyo pleno a la lucha que comienzan los trabajadores de Anses ya que el lunes pr\u00f3ximo comienzan con una serie de actividades p\u00fablicas en el marco de la Semana de Defensa del Sistema Previsional, que tiene como principal objetivo concientizar sobre el riesgo que corre el Fondo de Garant\u00eda de Sustentabilidad, ya que el proyecto del gobierno macrista es ceder esos fondos para negocio del sistema bancario privado. Las actividades se extender\u00e1n hasta el viernes 15 con volanteadas y actividades p\u00fablicas, aprovechando que frente a la sede de Anses se desarrollar\u00e1 la Feria del Libro, en la Plaza San Mart\u00edn.<\/p>\n<p><img loading=\"lazy\" decoding=\"async\" class=\"aligncenter size-full wp-image-10337\" src=\"http:\/\/www.atecordoba.org\/wp-content\/uploads\/2018\/09\/2.png\" alt=\"\" width=\"550\" height=\"412\"><\/p>\n<p>El plenario se solidariz\u00f3 con la compa\u00f1era Mar\u00eda Jos\u00e9 Pe\u00f1aloza, delegada v\u00edctima de violencia laboral y persecuci\u00f3n por su actividad gremial de parte del encargado de la Residencia de Descanso que el IOSFA tiene en la localidad de La Falda. ATE denunci\u00f3 reiteradas veces esta situaci\u00f3n a los responsables del organismo ya que el director de la residencia ejerce violencia laboral, gremial y de g\u00e9nero contra la delegada y otros trabajadores.<\/p>\n<p>Como \u00faltimo punto, y atento que el mi\u00e9rcoles 12 se realizar\u00e1 el paro nacional de ATE en todo el pa\u00eds, el plenario resolvi\u00f3 llevar a cabo una movilizaci\u00f3n para repudiar los despidos en organismos como Fabricaciones Militares y la subsecretaria de Agricultura Familiar y reclamar una urgente recomposici\u00f3n salarial, ante el descalabro econ\u00f3mico que vivimos los trabajadores como resultado de las p\u00e9simas pol\u00edticas econ\u00f3micas oficiales. La concentraci\u00f3n se realizar\u00e1 a las 10 horas en sede de ATE, Entre R\u00edos 450.<\/p>\n<p><img loading=\"lazy\" decoding=\"async\" class=\"aligncenter size-full wp-image-10335\" src=\"http:\/\/www.atecordoba.org\/wp-content\/uploads\/2018\/09\/3.png\" alt=\"\" width=\"550\" height=\"412\"><\/p>\n<p>A su vez, en la ultima resoluci\u00f3n de la jornada, se retific\u00f3 tambi\u00e9n la jornada de lucha de 36 horas que se llevar\u00e1 a cabo a partir de las 12 horas del d\u00eda 24 del corriente y se extender\u00e1 hasta las 24 del d\u00eda 25, en consonancia con lo dispuesto por la CTA Aut\u00f3noma.<\/p>\n<p><strong>Balance<\/strong><\/p>\n<p>A la hora del balance, Salerno habl\u00f3 ante los delegados para destacar que la actual es &#8220;una crisis tanto econ\u00f3mica como pol\u00edtica. La administraci\u00f3n nacional est\u00e1 hundida en el desgobierno y sabemos que la \u00fanica forma que tienen para calzar las pol\u00edticas de ajuste y los acuerdos con el FMI es a trav\u00e9s de la represi\u00f3n. Tenemos que ser conscientes de la situaci\u00f3n que se viene y estar dispuestos a poner el cuerpo. Cada compa\u00f1ero debe saber que tenemos que estar m\u00e1s unidos que nunca&#8221;.<\/p>\n<p>En tal sentido, la dirigente se\u00f1al\u00f3 que &#8220;a casi 50 a\u00f1os del Cordobazo, valoramos mucho la presencia de estudiantes universitarios en este plenario. Debemos volver a construir la unidad entre estudiantes y trabajadores como lo supieron hacer aquellos dirigentes del &#8217;69 que nos dejaron un legado de lucha y dignidad. Los trabajadores pagamos las universidades estatales con nuestros impuestos y los estudiantes tambi\u00e9n son trabajadores, aunque capacitados y especializados, pero trabajadores al fin. Y por eso esta lucha en contra de un modelo de hambre y exclusi\u00f3n nos debe encontrar codo a codo&#8221;, finaliz\u00f3.<\/p>\n","protected":false},"excerpt":{"rendered":"<p>El plenario de delegados analiz\u00f3 la situaci\u00f3n en el Estado a partir de la situaci\u00f3n de zozobra que viven los trabajadores, tanto por las medidas econ\u00f3micas que lleva adelante la gesti\u00f3n macrista como por los despidos y el desguace de diversos organismos nacionales. El plenario, encabezado por la secretaria General de ATE Liliana Salerno, cont\u00f3 [&hellip;]<\/p>\n","protected":false},"author":1,"featured_media":19220,"comment_status":"open","ping_status":"open","sticky":false,"template":"","format":"standard","meta":{"_exactmetrics_skip_tracking":false,"_exactmetrics_sitenote_active":false,"_exactmetrics_sitenote_note":"","_exactmetrics_sitenote_category":0,"jnews-multi-image_gallery":[],"jnews_single_post":[],"jnews_primary_category":[],"jnews_social_meta":[],"jnews_review":[],"enable_review":"","type":"","name":"","summary":"","brand":"","sku":"","good":[],"bad":[],"score_override":"","override_value":"","rating":[],"price":[],"jnews_override_counter":[],"jnews_post_split":[],"footnotes":""},"categories":[1],"tags":[],"class_list":["post-10332","post","type-post","status-publish","format-standard","has-post-thumbnail","hentry","category-sin-categoria"],"jetpack_featured_media_url":"https:\/\/atecordoba.org\/wp-content\/uploads\/2020\/05\/logo-nuevochico-e1561581322808.png","_links":{"self":[{"href":"https:\/\/atecordoba.org\/index.php?rest_route=\/wp\/v2\/posts\/10332","targetHints":{"allow":["GET"]}}],"collection":[{"href":"https:\/\/atecordoba.org\/index.php?rest_route=\/wp\/v2\/posts"}],"about":[{"href":"https:\/\/atecordoba.org\/index.php?rest_route=\/wp\/v2\/types\/post"}],"author":[{"embeddable":true,"href":"https:\/\/atecordoba.org\/index.php?rest_route=\/wp\/v2\/users\/1"}],"replies":[{"embeddable":true,"href":"https:\/\/atecordoba.org\/index.php?rest_route=%2Fwp%2Fv2%2Fcomments&post=10332"}],"version-history":[{"count":0,"href":"https:\/\/atecordoba.org\/index.php?rest_route=\/wp\/v2\/posts\/10332\/revisions"}],"wp:featuredmedia":[{"embeddable":true,"href":"https:\/\/atecordoba.org\/index.php?rest_route=\/wp\/v2\/media\/19220"}],"wp:attachment":[{"href":"https:\/\/atecordoba.org\/index.php?rest_route=%2Fwp%2Fv2%2Fmedia&parent=10332"}],"wp:term":[{"taxonomy":"category","embeddable":true,"href":"https:\/\/atecordoba.org\/index.php?rest_route=%2Fwp%2Fv2%2Fcategories&post=10332"},{"taxonomy":"post_tag","embeddable":true,"href":"https:\/\/atecordoba.org\/index.php?rest_route=%2Fwp%2Fv2%2Ftags&post=10332"}],"curies":[{"name":"wp","href":"https:\/\/api.w.org\/{rel}","templated":true}]}}