{"id":10329,"date":"2018-09-04T14:02:29","date_gmt":"2018-09-04T17:02:29","guid":{"rendered":"http:\/\/www.atecordoba.org\/?p=10329"},"modified":"2018-09-04T14:02:29","modified_gmt":"2018-09-04T17:02:29","slug":"los-cambios-en-el-estado-implican-un-retroceso-institucional-de-un-siglo","status":"publish","type":"post","link":"https:\/\/atecordoba.org\/?p=10329","title":{"rendered":"\u201cLos cambios en el Estado implican un retroceso institucional de un siglo\u201d"},"content":{"rendered":"<p><em>El Secretario General de ATE, Hugo \u2018Cachorro\u2019 Godoy, se expres\u00f3 frente al cierre de Ministerios anunciado por Macri y al despido de miles de estatales.<\/em><\/p>\n<p><img loading=\"lazy\" decoding=\"async\" class=\"aligncenter size-full wp-image-10330\" src=\"http:\/\/www.atecordoba.org\/wp-content\/uploads\/2018\/09\/godoy-e1536080509545.jpg\" alt=\"\" width=\"550\" height=\"336\"><\/p>\n<p style=\"font-weight: 400;\">El Secretario General de ATE Nacional, Hugo \u2018Cachorro\u2019 Godoy, realiz\u00f3 un an\u00e1lisis sobre el discurso brindado esta ma\u00f1ana por el Presidente Mauricio Macri, en el que anunci\u00f3 la desaparici\u00f3n de Ministerios y la profundizaci\u00f3n del ajuste y achique del Estado.<\/p>\n<p style=\"font-weight: 400;\">\u201cLo anunciado por el Presidente, con un nivel de cinismo, de mentira y de desprecio por la mirada absorta con la que el pueblo argentino lo estaba escuchando, es verdaderamente repudiable\u201d, se\u00f1al\u00f3 Godoy.<\/p>\n<p style=\"font-weight: 400;\">El dirigente de ATE adem\u00e1s dijo: \u201cEs una situaci\u00f3n de despojo y de saqueo verdaderamente descomunal. La continuidad de despidos en el Estado, el cierre de PyMEs, la especulaci\u00f3n financiera y la devaluaci\u00f3n implican que en pocas semanas este 32 por ciento de pobreza que existe hoy se elevar\u00e1 r\u00e1pidamente al 40%. Esto significa el crecimiento en los niveles de desocupaci\u00f3n, pobreza y hambre\u201d.<\/p>\n<p style=\"font-weight: 400;\">\u201cLa situaci\u00f3n de par\u00e1lisis de la producci\u00f3n econ\u00f3mica verdaderamente va a llevar a la quiebra a medianos empresarios y a que se derrumbe el salario de los trabajadores, que ya ha sido absolutamente licuado por estas devaluaciones que se han alentado desde el Gobierno\u201d, agreg\u00f3 Godoy.<\/p>\n<p style=\"font-weight: 400;\"><b><strong style=\"font-style: inherit;\">Achique de Ministerios<\/strong><\/b><\/p>\n<p style=\"font-weight: 400;\">\u201cLos cambios en el Estado implican un retroceso institucional de un siglo\u201d, sentenci\u00f3 el dirigente nacional del sindicato de estatales, quien continu\u00f3: \u201cDesaparecer al Ministerio de Trabajo y al Ministerio de Salud, que fueron avances fundamentales en los a\u00f1os \u201840 como formas de reestructurar al Estado en beneficio de las mayor\u00edas populares, tiene una gravedad inusitada en t\u00e9rminos institucionales. Lo mismo que pasar al ANSES al \u00e1mbito de Desarrollo Social, cuando los derechos jubilatorios tienen que ver con la dignidad del trabajador jubilado, y no con un subsidio\u201d.<\/p>\n<p style=\"font-weight: 400;\">\u201cFrente a las implicancias que estas decisiones van a tener sobre los miles de contratados que realizan tareas en esos Ministerios, cuya situaci\u00f3n laboral va a seguir pendiendo de un hilo, y frente a los 35 mil despidos que ya se han producido en el Estado Nacional, m\u00e1s la sombra de una posible multiplicaci\u00f3n de los mismos, desde ATE estamos moviliz\u00e1ndonos en todo el pa\u00eds con permanencia en los organismos. Por eso hemos convocado a un Paro Nacional para el d\u00eda 12 de septiembre\u201d, anunci\u00f3 \u2018Cachorro\u2019 Godoy.<\/p>\n<p style=\"font-weight: 400;\">\u201cIbarra, ha sido el Ministro de los despidos, y en la Jefatura de Gabinete va a profundizar ese rol con mayor capacidad de incidencia sobre el conjunto de los ministerios. Lo mejor que le puede pasar a la clase trabajadora argentina es que este se\u00f1or se vaya de sus funciones\u201d, cerr\u00f3 el dirigente de ATE Nacional.<\/p>\n<p style=\"font-weight: 400;\"><b><strong style=\"font-style: inherit;\">Prensa ATE Nacional<\/strong><\/b><\/p>\n","protected":false},"excerpt":{"rendered":"<p>El Secretario General de ATE, Hugo \u2018Cachorro\u2019 Godoy, se expres\u00f3 frente al cierre de Ministerios anunciado por Macri y al despido de miles de estatales. El Secretario General de ATE Nacional, Hugo \u2018Cachorro\u2019 Godoy, realiz\u00f3 un an\u00e1lisis sobre el discurso brindado esta ma\u00f1ana por el Presidente Mauricio Macri, en el que anunci\u00f3 la desaparici\u00f3n de [&hellip;]<\/p>\n","protected":false},"author":1,"featured_media":19220,"comment_status":"open","ping_status":"open","sticky":false,"template":"","format":"standard","meta":{"_exactmetrics_skip_tracking":false,"_exactmetrics_sitenote_active":false,"_exactmetrics_sitenote_note":"","_exactmetrics_sitenote_category":0,"jnews-multi-image_gallery":[],"jnews_single_post":[],"jnews_primary_category":[],"jnews_social_meta":[],"jnews_review":[],"enable_review":"","type":"","name":"","summary":"","brand":"","sku":"","good":[],"bad":[],"score_override":"","override_value":"","rating":[],"price":[],"jnews_override_counter":[],"jnews_post_split":[],"footnotes":""},"categories":[10,21],"tags":[],"class_list":["post-10329","post","type-post","status-publish","format-standard","has-post-thumbnail","hentry","category-accion-politica","category-paro-nacional"],"jetpack_featured_media_url":"https:\/\/atecordoba.org\/wp-content\/uploads\/2020\/05\/logo-nuevochico-e1561581322808.png","_links":{"self":[{"href":"https:\/\/atecordoba.org\/index.php?rest_route=\/wp\/v2\/posts\/10329","targetHints":{"allow":["GET"]}}],"collection":[{"href":"https:\/\/atecordoba.org\/index.php?rest_route=\/wp\/v2\/posts"}],"about":[{"href":"https:\/\/atecordoba.org\/index.php?rest_route=\/wp\/v2\/types\/post"}],"author":[{"embeddable":true,"href":"https:\/\/atecordoba.org\/index.php?rest_route=\/wp\/v2\/users\/1"}],"replies":[{"embeddable":true,"href":"https:\/\/atecordoba.org\/index.php?rest_route=%2Fwp%2Fv2%2Fcomments&post=10329"}],"version-history":[{"count":0,"href":"https:\/\/atecordoba.org\/index.php?rest_route=\/wp\/v2\/posts\/10329\/revisions"}],"wp:featuredmedia":[{"embeddable":true,"href":"https:\/\/atecordoba.org\/index.php?rest_route=\/wp\/v2\/media\/19220"}],"wp:attachment":[{"href":"https:\/\/atecordoba.org\/index.php?rest_route=%2Fwp%2Fv2%2Fmedia&parent=10329"}],"wp:term":[{"taxonomy":"category","embeddable":true,"href":"https:\/\/atecordoba.org\/index.php?rest_route=%2Fwp%2Fv2%2Fcategories&post=10329"},{"taxonomy":"post_tag","embeddable":true,"href":"https:\/\/atecordoba.org\/index.php?rest_route=%2Fwp%2Fv2%2Ftags&post=10329"}],"curies":[{"name":"wp","href":"https:\/\/api.w.org\/{rel}","templated":true}]}}