{"id":10326,"date":"2018-09-04T13:54:09","date_gmt":"2018-09-04T16:54:09","guid":{"rendered":"http:\/\/www.atecordoba.org\/?p=10326"},"modified":"2018-09-04T13:54:09","modified_gmt":"2018-09-04T16:54:09","slug":"ate-marcho-ayer-en-la-caba-contra-los-despidos-en-agroindustria","status":"publish","type":"post","link":"https:\/\/atecordoba.org\/?p=10326","title":{"rendered":"ATE march\u00f3 ayer en la CABA contra los despidos en Agroindustria"},"content":{"rendered":"<p><em>Luego, los trabajadores volvieron a la sede central del Ministerio donde mantienen una permanencia desde hace cinco d\u00edas y realizaron una Asamblea. En C\u00f3rdoba son 17 los despidos, que dejan casi desarticulada la Subsecretaria de Agricultura Familiar.<\/em><\/p>\n<p><img loading=\"lazy\" decoding=\"async\" class=\"aligncenter size-full wp-image-10327\" src=\"http:\/\/www.atecordoba.org\/wp-content\/uploads\/2018\/09\/marcha-saf-bs-as-e1536079963113.jpg\" alt=\"\" width=\"550\" height=\"384\"><\/p>\n<p>En el marco del plan de lucha que se profundiz\u00f3 la semana pasada por los 560 despidos en el Ministerio de Agroindustria, y en el quinto d\u00eda de permanencia pac\u00edfica en el edificio ubicado en Paseo Col\u00f3n, y en todas las delegaciones del pa\u00eds, ayer ATE march\u00f3 hacia el Ministerio de Modernizaci\u00f3n. Luego de la movilizaci\u00f3n, los trabajadores de la SAF, de SENASA y del &nbsp;resto de los organismos realizaron una Asamblea en la que definieron continuar con la permanencia.<\/p>\n<p>La manifestaci\u00f3n fue en rechazo a los despidos, para exigir la inmediata reincorporaci\u00f3n y el cese del vaciamiento. Asimismo, el gremio repudi\u00f3 los anuncios de Macri y Dujovne sobre los cambios en la estructura de los ministerios y dem\u00e1s medidas que implican m\u00e1s ajuste, desocupaci\u00f3n, pobreza y desguace de pol\u00edticas p\u00fablicas.<\/p>\n<p>En C\u00f3rdoba son 17 los despedidos en la Subsecretar\u00eda de Agricultura Familiar, dejando abandonados a su suerte todos los procesos de desarrollo productivo que se ven\u00edan llevando a cabo y pr\u00e1cticamente desarticulando el organismo, que tendr\u00e1 solo 14 trabajadores en su plantel, &nbsp;de mantenerse la situaci\u00f3n.&nbsp; Adem\u00e1s, entre los cesanteados se encuentran dos compa\u00f1eros delegados: Ariadna Arrigoni y Facundo Suri.<\/p>\n<p>La marcha estuvo encabezada por la conducci\u00f3n de ATE Capital Federal. Adem\u00e1s, estuvieron presentes dirigentes nacionales como Silvia Le\u00f3n, Mario Mu\u00f1oz, H\u00e9ctor Carrica, Ernesto Conteras, Dar\u00edo Orellano, Flavio Vergara, Natalia Castesana; de la CTA-A Capital, como Pablo Spataro y Clarisa Gambera, y de los distintos sectores de ATE.<\/p>\n<p>Uno de las \u00e1reas m\u00e1s golpeados tras los 560 despidos es la Secretar\u00eda de Agricultura Familiar. Franco Romero, Delegado de ATE SAF en Catamarca, presente en la movilizaci\u00f3n, calific\u00f3 a los despidos como &nbsp;\u201cilegales, arbitrarios e injustos\u201d. \u201cLe estamos reclamando a las autoridades que de forma urgente retrotraigan los despidos y el ajuste brutal en todas las \u00e1reas pero sobre todo en la Secretar\u00eda de Agricultura Familiar. Nosotros estamos en las provincias, trabajamos con agricultores familiares, campesinos y comunidades originarias y somos quienes garantizamos la llegada de las pol\u00edticas a los territorios. Por eso, este es un ataque al campesinado m\u00e1s pobre\u201d, expres\u00f3.<\/p>\n<p>La Secretaria de Organizaci\u00f3n de ATE Nacional y Secretaria de G\u00e9nero de la CTA-A, Silvia Le\u00f3n, manifest\u00f3: \u201cHay que plantear la resistencia pero tambi\u00e9n profundizar la organizaci\u00f3n, por eso el 5 de septiembre vamos a estar moviliz\u00e1ndonos con las organizaciones territoriales de la CTA-A y, frente al Congreso, con organizaciones del campesinado y la Federaci\u00f3n Agraria por la &nbsp;Ley de Semillas \u201c.<\/p>\n<p>La dirigente a\u00f1adi\u00f3 que, de cara a los Paro Nacionales del 12, 24 y 25, hoy se realiza un plenario de trabajadorxs de la CTA-A de la Capital y el \u00e1rea metropolitana.<\/p>\n<p>En tanto, sobre los anuncios de Macri y Dujovne indic\u00f3: \u201cImplican la profundizaci\u00f3n del ajuste y de la transformaci\u00f3n del Estado en beneficio de los grupos econ\u00f3micos concentrados, una reducci\u00f3n de la inversi\u00f3n, el congelamiento de salarios y m\u00e1s despidos\u201d. \u201cEsto tiene un impacto tremendo en el pueblo, con la reducci\u00f3n y desaparici\u00f3n de pol\u00edticas centrales, tal como est\u00e1n intentando hacer en la SAF\u201d, advirti\u00f3.<\/p>\n<p>Al respecto, Mario Mu\u00f1oz, Secretario Gremial de ATE Nacional, agreg\u00f3: \u201cEs mentira que con estas medidas reducen el gasto, van a seguir gastando en asesores, en toda la gente que han metido despu\u00e9s de echarnos a m\u00e1s de 30 mil compa\u00f1eros. Y por eso seguimos luchando\u201d, dijo, al tiempo que repudi\u00f3 los despidos \u201cen todos los organismos del Estado pero sobre todo en Agroindustria, porque se han metido con los niveles m\u00e1s bajo de salarios y las necesidades m\u00e1s grandes del pueblo\u201d.<\/p>\n<p>Por su parte, Pablo Spataro, secretario general de CTA-A Capital destac\u00f3 la \u201cformidable respuesta\u201d que signific\u00f3 la movilizaci\u00f3n de los trabajadores de todas las reparticiones ante la decisi\u00f3n de Etchevehere de despedir a m\u00e1s de 548 compa\u00f1eros\u201d. \u201cEs un mensaje de que no vamos a ser indiferentes a su plan de ajuste y achicamiento del Estado\u201d, cerr\u00f3.<\/p>\n<p>Asamblea<\/p>\n<p>Luego de la movilizaci\u00f3n a&nbsp; Modernizaci\u00f3n, lxs trabajadores regresaron al Ministerio donde, desde el jueves, ATE sostiene una permanencia pac\u00edfica. All\u00ed, realizaron una Asamblea en la que ratificaron la continuidad de esa medida \u201chasta que se resuelva el conflicto\u201d.<\/p>\n<p>Tambi\u00e9n, aprobaron protestar frente a las oficinas del ministro Etchevehere, presente en ese momento, y exigirle explicaciones.<\/p>\n<p>Finalmente, acordaron solidarizarse con lxs estudiantes y trabajadores de la Educaci\u00f3n en conflicto, y realizar un semillazo con las organizaciones campesinas por una Ley de Semillas que se oponga a la Ley Monsanto que quiere imponer el Gobierno.<\/p>\n","protected":false},"excerpt":{"rendered":"<p>Luego, los trabajadores volvieron a la sede central del Ministerio donde mantienen una permanencia desde hace cinco d\u00edas y realizaron una Asamblea. En C\u00f3rdoba son 17 los despidos, que dejan casi desarticulada la Subsecretaria de Agricultura Familiar. En el marco del plan de lucha que se profundiz\u00f3 la semana pasada por los 560 despidos en [&hellip;]<\/p>\n","protected":false},"author":1,"featured_media":19220,"comment_status":"open","ping_status":"open","sticky":false,"template":"","format":"standard","meta":{"_exactmetrics_skip_tracking":false,"_exactmetrics_sitenote_active":false,"_exactmetrics_sitenote_note":"","_exactmetrics_sitenote_category":0,"jnews-multi-image_gallery":[],"jnews_single_post":[],"jnews_primary_category":[],"jnews_social_meta":[],"jnews_review":[],"enable_review":"","type":"","name":"","summary":"","brand":"","sku":"","good":[],"bad":[],"score_override":"","override_value":"","rating":[],"price":[],"jnews_override_counter":[],"jnews_post_split":[],"footnotes":""},"categories":[16],"tags":[],"class_list":["post-10326","post","type-post","status-publish","format-standard","has-post-thumbnail","hentry","category-saf"],"jetpack_featured_media_url":"https:\/\/atecordoba.org\/wp-content\/uploads\/2020\/05\/logo-nuevochico-e1561581322808.png","_links":{"self":[{"href":"https:\/\/atecordoba.org\/index.php?rest_route=\/wp\/v2\/posts\/10326","targetHints":{"allow":["GET"]}}],"collection":[{"href":"https:\/\/atecordoba.org\/index.php?rest_route=\/wp\/v2\/posts"}],"about":[{"href":"https:\/\/atecordoba.org\/index.php?rest_route=\/wp\/v2\/types\/post"}],"author":[{"embeddable":true,"href":"https:\/\/atecordoba.org\/index.php?rest_route=\/wp\/v2\/users\/1"}],"replies":[{"embeddable":true,"href":"https:\/\/atecordoba.org\/index.php?rest_route=%2Fwp%2Fv2%2Fcomments&post=10326"}],"version-history":[{"count":0,"href":"https:\/\/atecordoba.org\/index.php?rest_route=\/wp\/v2\/posts\/10326\/revisions"}],"wp:featuredmedia":[{"embeddable":true,"href":"https:\/\/atecordoba.org\/index.php?rest_route=\/wp\/v2\/media\/19220"}],"wp:attachment":[{"href":"https:\/\/atecordoba.org\/index.php?rest_route=%2Fwp%2Fv2%2Fmedia&parent=10326"}],"wp:term":[{"taxonomy":"category","embeddable":true,"href":"https:\/\/atecordoba.org\/index.php?rest_route=%2Fwp%2Fv2%2Fcategories&post=10326"},{"taxonomy":"post_tag","embeddable":true,"href":"https:\/\/atecordoba.org\/index.php?rest_route=%2Fwp%2Fv2%2Ftags&post=10326"}],"curies":[{"name":"wp","href":"https:\/\/api.w.org\/{rel}","templated":true}]}}