{"id":10324,"date":"2018-09-03T14:41:57","date_gmt":"2018-09-03T17:41:57","guid":{"rendered":"http:\/\/www.atecordoba.org\/?p=10324"},"modified":"2018-09-03T14:41:57","modified_gmt":"2018-09-03T17:41:57","slug":"frente-al-ajuste-y-los-anuncios-de-macri-paro-nacional","status":"publish","type":"post","link":"https:\/\/atecordoba.org\/?p=10324","title":{"rendered":"Frente al ajuste y los anuncios de Macri: Paro Nacional"},"content":{"rendered":"<p><em>En continuidad del plan de lucha que ATE viene realizando en rechazo al programa de ajuste del gobierno nacional, y ante los anuncios realizados hoy por el Presidente Macri, ratificamos el paro nacional a realizarse el pr\u00f3ximo 12 de septiembre, para terminar con los despidos, la reincorporaci\u00f3n de cada trabajador a su puesto de trabajo y por urgente recomposici\u00f3n salarial.<\/em><\/p>\n<p><img loading=\"lazy\" decoding=\"async\" class=\"aligncenter size-full wp-image-10040\" src=\"http:\/\/www.atecordoba.org\/wp-content\/uploads\/2018\/05\/cuarta.png\" alt=\"\" width=\"550\" height=\"412\"><\/p>\n<p>Ante el pavoroso cuadro que enfrentamos los trabajadores y el pueblo en su conjunto, fruto del desgobierno que gener\u00f3 en el pa\u00eds la administraci\u00f3n macrista, ATE realizar\u00e1 un paro nacional el pr\u00f3ximo 12 de septiembre, en reclamo de recomposici\u00f3n salarial urgente y reincorporaci\u00f3n de todos los despedidos del Estado.<\/p>\n<p>Desde ATE saldremos a la calle y nos movilizaremos en todo el pa\u00eds para exigirle a Macri un cambio de 180 grados en su pol\u00edtica econ\u00f3mica y en la gesti\u00f3n que lleva a cabo en el Estado, terminando con su pol\u00edtica de timba financiera que provoc\u00f3 la ca\u00edda abrupta de la producci\u00f3n nacional, el salario y el consumo.<\/p>\n<p>Esta pol\u00edtica solo le sirve al capital especulativo, que un d\u00eda juega a las Lebac, otro al d\u00f3lar, siempre llev\u00e1ndose las ganancias al exterior, pero nunca invierte en producci\u00f3n que deje beneficios para el pa\u00eds.<\/p>\n<p>A su vez, el discurso presidencial de hoy da cuenta claramente del enga\u00f1o que Macri realiza al conjunto de la poblaci\u00f3n: mientras anuncia reducciones de las estructuras del Estado, ning\u00fan funcionario dejar\u00e1 el gobierno, solo cambiar\u00e1n el cargo pero se mantendr\u00e1n dentro del organigrama. En definitiva, otra mentira m\u00e1s.<\/p>\n<p>Mientras, contin\u00faan desmantelando organismos y unidades productivas, despidiendo trabajadores que ganan salarios de miseria. &nbsp;Todo lo cual deja en evidencia que el ajuste lo pagamos los trabajadores, mientras los CEOS siguen usufructuando del Estado y realizando negocios particulares (Caputo y el d\u00f3lar a futuro, Etchevehere y los exportadores, por dar dos ejemplos).<\/p>\n<p>Con la degradaci\u00f3n de ministerios como Salud, Trabajo o Ciencia y Tecnolog\u00eda a rango de secretarias queda de manifiesto el orden de prioridades del gobierno actual.<\/p>\n<p>En consecuencia, el 12 de septiembre convocamos a los estatales nacionales, provinciales &nbsp;y municipales a dar una muestra contundente del rechazo que esta pol\u00edtica de Macri encuentra en los trabajadores. La jornada de lucha incluir\u00e1 una movilizaci\u00f3n en C\u00f3rdoba.<\/p>\n<p>Liliana Salerno<\/p>\n<p>Secretaria General<\/p>\n<p>&nbsp;<\/p>\n","protected":false},"excerpt":{"rendered":"<p>En continuidad del plan de lucha que ATE viene realizando en rechazo al programa de ajuste del gobierno nacional, y ante los anuncios realizados hoy por el Presidente Macri, ratificamos el paro nacional a realizarse el pr\u00f3ximo 12 de septiembre, para terminar con los despidos, la reincorporaci\u00f3n de cada trabajador a su puesto de trabajo [&hellip;]<\/p>\n","protected":false},"author":1,"featured_media":19220,"comment_status":"open","ping_status":"open","sticky":false,"template":"","format":"standard","meta":{"_exactmetrics_skip_tracking":false,"_exactmetrics_sitenote_active":false,"_exactmetrics_sitenote_note":"","_exactmetrics_sitenote_category":0,"jnews-multi-image_gallery":[],"jnews_single_post":[],"jnews_primary_category":[],"jnews_social_meta":[],"jnews_review":[],"enable_review":"","type":"","name":"","summary":"","brand":"","sku":"","good":[],"bad":[],"score_override":"","override_value":"","rating":[],"price":[],"jnews_override_counter":[],"jnews_post_split":[],"footnotes":""},"categories":[1],"tags":[],"class_list":["post-10324","post","type-post","status-publish","format-standard","has-post-thumbnail","hentry","category-sin-categoria"],"jetpack_featured_media_url":"https:\/\/atecordoba.org\/wp-content\/uploads\/2020\/05\/logo-nuevochico-e1561581322808.png","_links":{"self":[{"href":"https:\/\/atecordoba.org\/index.php?rest_route=\/wp\/v2\/posts\/10324","targetHints":{"allow":["GET"]}}],"collection":[{"href":"https:\/\/atecordoba.org\/index.php?rest_route=\/wp\/v2\/posts"}],"about":[{"href":"https:\/\/atecordoba.org\/index.php?rest_route=\/wp\/v2\/types\/post"}],"author":[{"embeddable":true,"href":"https:\/\/atecordoba.org\/index.php?rest_route=\/wp\/v2\/users\/1"}],"replies":[{"embeddable":true,"href":"https:\/\/atecordoba.org\/index.php?rest_route=%2Fwp%2Fv2%2Fcomments&post=10324"}],"version-history":[{"count":0,"href":"https:\/\/atecordoba.org\/index.php?rest_route=\/wp\/v2\/posts\/10324\/revisions"}],"wp:featuredmedia":[{"embeddable":true,"href":"https:\/\/atecordoba.org\/index.php?rest_route=\/wp\/v2\/media\/19220"}],"wp:attachment":[{"href":"https:\/\/atecordoba.org\/index.php?rest_route=%2Fwp%2Fv2%2Fmedia&parent=10324"}],"wp:term":[{"taxonomy":"category","embeddable":true,"href":"https:\/\/atecordoba.org\/index.php?rest_route=%2Fwp%2Fv2%2Fcategories&post=10324"},{"taxonomy":"post_tag","embeddable":true,"href":"https:\/\/atecordoba.org\/index.php?rest_route=%2Fwp%2Fv2%2Ftags&post=10324"}],"curies":[{"name":"wp","href":"https:\/\/api.w.org\/{rel}","templated":true}]}}