{"id":10315,"date":"2018-08-31T14:23:30","date_gmt":"2018-08-31T17:23:30","guid":{"rendered":"http:\/\/www.atecordoba.org\/?p=10315"},"modified":"2020-06-09T15:45:22","modified_gmt":"2020-06-09T18:45:22","slug":"ate-repudia-al-ministro-etchevehere-y-exige-la-reincorporacion-de-los-548-despedidos-en-el-ministerio-de-agroindustria","status":"publish","type":"post","link":"https:\/\/atecordoba.org\/?p=10315","title":{"rendered":"ATE repudia al ministro Etchevehere y exige la reincorporaci\u00f3n de los 548 despedidos en el Ministerio de Agroindustria"},"content":{"rendered":"<p><em>La medida que se conoci\u00f3 hoy incluye la desvinculaci\u00f3n de 548 trabajadoras y trabajadores, de las cuales 34 corresponden a la Subsecretaria de Coordinaci\u00f3n Administrativa, 67 de la Secretar\u00eda de Agricultura, Ganader\u00eda y Pesca y 447 de la Subsecretar\u00eda de Agricultura Familiar. En C\u00f3rdoba son 14 los despedidos.<\/em><\/p>\n<p><img loading=\"lazy\" decoding=\"async\" class=\"aligncenter size-full wp-image-10316\" src=\"http:\/\/atecordoba.org\/wp-content\/uploads\/2020\/06\/agroindustria-e1535736167662.jpg\" alt=\"\" width=\"550\" height=\"336\"><\/p>\n<p>En un acto m\u00e1s de irracionalidad de la gesti\u00f3n macrista, el Ministerio de Agroindustria despidi\u00f3 hoy a m\u00e1s de medio millar de trabajadores, en su inmensa mayor\u00eda compa\u00f1eros que atend\u00edan la actividad de los peque\u00f1os productores rurales, aquellos que act\u00faan por el sistema de producci\u00f3n de las grandes corporaciones del sector.<\/p>\n<p>El ministerio est\u00e1 a cargo del ex presidente de la Sociedad Rural Argentina, Luis Etchevehere, un personaje siniestro que se ha dedicado a destruir toda pol\u00edtica estatal en la materia y que para ello desguaz\u00f3 el funcionamiento de Agricultura Familiar, organismo creado para esos fines con personal altamente capacitado y comprometido con el desarrollo regional de la actividad productiva.<\/p>\n<p>De esta forma, mientras la econom\u00eda estalla por la p\u00e9sima gesti\u00f3n general, la cartera de Agroindustria se destaca como el sector estatal con m\u00e1s despidos y organismos desarticulados, como ya sucedi\u00f3 con el Senasa e Inta, enga\u00f1ando a la poblaci\u00f3n con el mensaje que menos cantidad de trabajadores aumentar\u00e1 la eficacia de la gesti\u00f3n, cuando en realidad se trata de un retiro del Estado de sus funciones b\u00e1sicas e indelegables.<\/p>\n<p>Del total de los despidos, 457 son trabajadores encuadrados dentro de la denominada Ley Marco, en tanto 91 tienen contratos ArgenInta vencen el 30 de septiembre.<\/p>\n<p>A su vez, en C\u00f3rdoba ser\u00edan 14 los cesanteados hasta el momento, de los cuales dos son delegados gremiales de ATE por lo que el Consejo Directivo Provincial ya instruy\u00f3 a nuestra asesor\u00eda letrada para que realice las medidas judiciales que correspondan a los fines de resguardar la tutela sindical de los mismos.<\/p>\n<p>Vale se\u00f1alar que desde hace tres d\u00edas se encuentra ocupado por los trabajadores el edificio del Ministerio en la Ciudad de Buenos Aires. En la jornada de hoy se produjo una brutal represi\u00f3n a partir de una intervenci\u00f3n policial contra los trabajadores que solo defienden sus fuentes de trabajo.<\/p>\n<p>&nbsp;<\/p>\n<p>&nbsp;<\/p>\n","protected":false},"excerpt":{"rendered":"<p>La medida que se conoci\u00f3 hoy incluye la desvinculaci\u00f3n de 548 trabajadoras y trabajadores, de las cuales 34 corresponden a la Subsecretaria de Coordinaci\u00f3n Administrativa, 67 de la Secretar\u00eda de Agricultura, Ganader\u00eda y Pesca y 447 de la Subsecretar\u00eda de Agricultura Familiar. En C\u00f3rdoba son 14 los despedidos. En un acto m\u00e1s de irracionalidad de [&hellip;]<\/p>\n","protected":false},"author":1,"featured_media":19220,"comment_status":"open","ping_status":"open","sticky":false,"template":"","format":"standard","meta":{"_exactmetrics_skip_tracking":false,"_exactmetrics_sitenote_active":false,"_exactmetrics_sitenote_note":"","_exactmetrics_sitenote_category":0,"jnews-multi-image_gallery":[],"jnews_single_post":[],"jnews_primary_category":[],"jnews_social_meta":[],"jnews_review":[],"enable_review":"","type":"","name":"","summary":"","brand":"","sku":"","good":[],"bad":[],"score_override":"","override_value":"","rating":[],"price":[],"jnews_override_counter":[],"jnews_post_split":[],"footnotes":""},"categories":[18,16],"tags":[157,349,161],"class_list":["post-10315","post","type-post","status-publish","format-standard","has-post-thumbnail","hentry","category-nacionales","category-saf","tag-agricultura","tag-agricultura-familiar","tag-saf"],"jetpack_featured_media_url":"https:\/\/atecordoba.org\/wp-content\/uploads\/2020\/05\/logo-nuevochico-e1561581322808.png","_links":{"self":[{"href":"https:\/\/atecordoba.org\/index.php?rest_route=\/wp\/v2\/posts\/10315","targetHints":{"allow":["GET"]}}],"collection":[{"href":"https:\/\/atecordoba.org\/index.php?rest_route=\/wp\/v2\/posts"}],"about":[{"href":"https:\/\/atecordoba.org\/index.php?rest_route=\/wp\/v2\/types\/post"}],"author":[{"embeddable":true,"href":"https:\/\/atecordoba.org\/index.php?rest_route=\/wp\/v2\/users\/1"}],"replies":[{"embeddable":true,"href":"https:\/\/atecordoba.org\/index.php?rest_route=%2Fwp%2Fv2%2Fcomments&post=10315"}],"version-history":[{"count":1,"href":"https:\/\/atecordoba.org\/index.php?rest_route=\/wp\/v2\/posts\/10315\/revisions"}],"predecessor-version":[{"id":20069,"href":"https:\/\/atecordoba.org\/index.php?rest_route=\/wp\/v2\/posts\/10315\/revisions\/20069"}],"wp:featuredmedia":[{"embeddable":true,"href":"https:\/\/atecordoba.org\/index.php?rest_route=\/wp\/v2\/media\/19220"}],"wp:attachment":[{"href":"https:\/\/atecordoba.org\/index.php?rest_route=%2Fwp%2Fv2%2Fmedia&parent=10315"}],"wp:term":[{"taxonomy":"category","embeddable":true,"href":"https:\/\/atecordoba.org\/index.php?rest_route=%2Fwp%2Fv2%2Fcategories&post=10315"},{"taxonomy":"post_tag","embeddable":true,"href":"https:\/\/atecordoba.org\/index.php?rest_route=%2Fwp%2Fv2%2Ftags&post=10315"}],"curies":[{"name":"wp","href":"https:\/\/api.w.org\/{rel}","templated":true}]}}