{"id":10312,"date":"2018-08-30T14:30:54","date_gmt":"2018-08-30T17:30:54","guid":{"rendered":"http:\/\/www.atecordoba.org\/?p=10312"},"modified":"2018-08-30T14:30:54","modified_gmt":"2018-08-30T17:30:54","slug":"el-desgobierno-economico-afecta-directamente-a-los-trabajadores-recomposicion-salarial-ya","status":"publish","type":"post","link":"https:\/\/atecordoba.org\/?p=10312","title":{"rendered":"El desgobierno econ\u00f3mico afecta directamente a los trabajadores: recomposici\u00f3n salarial ya"},"content":{"rendered":"<p><em>Queda en evidencia que las m\u00edseras pautas salariales&nbsp; otorgadas en todos los niveles del Estado no alcanzan, que es necesaria una recomposici\u00f3n salarial de emergencia y que es imprescindible un cambio de rumbo de la econom\u00eda, opuesto al actual. <\/em><\/p>\n<p>&nbsp;<\/p>\n<p><img loading=\"lazy\" decoding=\"async\" class=\"aligncenter size-full wp-image-10313\" src=\"http:\/\/www.atecordoba.org\/wp-content\/uploads\/2018\/08\/marcha.png\" alt=\"\" width=\"550\" height=\"412\"><\/p>\n<p>La escalada del d\u00f3lar, la inflaci\u00f3n fuera de todo control, la apertura de importaciones sin criterio, el ajuste comprometido con el FMI, la aplicaci\u00f3n de los brutales tarifazos y los despidos en diversos organismos han tornado insoportable para los trabajadores la continuidad de las pol\u00edticas macristas frente al Estado nacional.<\/p>\n<p>Desde todos los sectores se generaliza la exigencia para que el gobierno detenga estas pol\u00edticas antipopulares y deje de usar a los trabajadores como la variable de ajuste.<\/p>\n<p>A esto se suma la bicicleta financiera que compromete el tesoro p\u00fablico, la multiplicaci\u00f3n de deuda externa&nbsp; y las tasas de inter\u00e9s descomunales que hacen inviable cualquier apuesta a la producci\u00f3n nacional, en vez de generar medidas para impulsar la producci\u00f3n y el consumo interno.<\/p>\n<p>Todo este cuadro deja en evidencia que los trabajadores no somos el problema, como el gobierno le quiere hacer creer a la sociedad, ni nuestros salarios el origen de la inflaci\u00f3n.<\/p>\n<p>En consecuencia desde ATE reclamamos una urgente recomposici\u00f3n salarial que al menos, y por el momento, equipare la escapada inflacionaria y aten\u00fae la angustia que sufren las familias ante este delicado momento que atraviesa nuestro pa\u00eds, fruto de la p\u00e9sima gesti\u00f3n econ\u00f3mica y los compromisos con intereses de los especuladores financieros internos y externos.<\/p>\n<p style=\"text-align: left;\">Adem\u00e1s, ATE convoca a movilizarnos hoy en defensa de la educaci\u00f3n p\u00fablica en las calles de C\u00f3rdoba, junto a nuestros compa\u00f1eros no docentes y el resto de la comunidad universitaria. La convocatoria es a las 17 horas, concentrando en el Pabell\u00f3n Argentina, para marchar al Patio Olmos.<\/p>\n<p style=\"text-align: right;\">Liliana Salerno<\/p>\n<p style=\"text-align: right;\">Secretaria General<\/p>\n","protected":false},"excerpt":{"rendered":"<p>Queda en evidencia que las m\u00edseras pautas salariales&nbsp; otorgadas en todos los niveles del Estado no alcanzan, que es necesaria una recomposici\u00f3n salarial de emergencia y que es imprescindible un cambio de rumbo de la econom\u00eda, opuesto al actual. &nbsp; La escalada del d\u00f3lar, la inflaci\u00f3n fuera de todo control, la apertura de importaciones sin [&hellip;]<\/p>\n","protected":false},"author":1,"featured_media":19220,"comment_status":"open","ping_status":"open","sticky":false,"template":"","format":"standard","meta":{"_exactmetrics_skip_tracking":false,"_exactmetrics_sitenote_active":false,"_exactmetrics_sitenote_note":"","_exactmetrics_sitenote_category":0,"jnews-multi-image_gallery":[],"jnews_single_post":[],"jnews_primary_category":[],"jnews_social_meta":[],"jnews_review":[],"enable_review":"","type":"","name":"","summary":"","brand":"","sku":"","good":[],"bad":[],"score_override":"","override_value":"","rating":[],"price":[],"jnews_override_counter":[],"jnews_post_split":[],"footnotes":""},"categories":[1],"tags":[],"class_list":["post-10312","post","type-post","status-publish","format-standard","has-post-thumbnail","hentry","category-sin-categoria"],"jetpack_featured_media_url":"https:\/\/atecordoba.org\/wp-content\/uploads\/2020\/05\/logo-nuevochico-e1561581322808.png","_links":{"self":[{"href":"https:\/\/atecordoba.org\/index.php?rest_route=\/wp\/v2\/posts\/10312","targetHints":{"allow":["GET"]}}],"collection":[{"href":"https:\/\/atecordoba.org\/index.php?rest_route=\/wp\/v2\/posts"}],"about":[{"href":"https:\/\/atecordoba.org\/index.php?rest_route=\/wp\/v2\/types\/post"}],"author":[{"embeddable":true,"href":"https:\/\/atecordoba.org\/index.php?rest_route=\/wp\/v2\/users\/1"}],"replies":[{"embeddable":true,"href":"https:\/\/atecordoba.org\/index.php?rest_route=%2Fwp%2Fv2%2Fcomments&post=10312"}],"version-history":[{"count":0,"href":"https:\/\/atecordoba.org\/index.php?rest_route=\/wp\/v2\/posts\/10312\/revisions"}],"wp:featuredmedia":[{"embeddable":true,"href":"https:\/\/atecordoba.org\/index.php?rest_route=\/wp\/v2\/media\/19220"}],"wp:attachment":[{"href":"https:\/\/atecordoba.org\/index.php?rest_route=%2Fwp%2Fv2%2Fmedia&parent=10312"}],"wp:term":[{"taxonomy":"category","embeddable":true,"href":"https:\/\/atecordoba.org\/index.php?rest_route=%2Fwp%2Fv2%2Fcategories&post=10312"},{"taxonomy":"post_tag","embeddable":true,"href":"https:\/\/atecordoba.org\/index.php?rest_route=%2Fwp%2Fv2%2Ftags&post=10312"}],"curies":[{"name":"wp","href":"https:\/\/api.w.org\/{rel}","templated":true}]}}