{"id":10309,"date":"2018-08-29T14:26:41","date_gmt":"2018-08-29T17:26:41","guid":{"rendered":"http:\/\/www.atecordoba.org\/?p=10309"},"modified":"2018-08-29T14:26:41","modified_gmt":"2018-08-29T17:26:41","slug":"linea-102-ordenan-reintegrar-a-sus-puestos-de-trabajo-a-dos-delegados-de-ate","status":"publish","type":"post","link":"https:\/\/atecordoba.org\/?p=10309","title":{"rendered":"L\u00ednea 102: ordenan reintegrar a sus puestos de trabajo a dos delegados de ATE"},"content":{"rendered":"<p><em>Un juez de Control orden\u00f3 reinstalar a los compa\u00f1eros que fueron desplazados por el Secretario de Senaf tras denunciar el traslado del call center a un &#8220;garage&#8221;.<\/em><\/p>\n<p><img loading=\"lazy\" decoding=\"async\" class=\"aligncenter size-full wp-image-10310\" src=\"http:\/\/www.atecordoba.org\/wp-content\/uploads\/2018\/08\/102-e1535563194270.jpg\" alt=\"\" width=\"550\" height=\"367\"><\/p>\n<p>Este martes la Justicia hizo lugar a la cautelar presentada por la abogada de ATE Mar\u00eda Marta Terragno y&nbsp;orden\u00f3 al ministerio de Justicia y Derechos Humanos de C\u00f3rdoba reintegrar a dos operadores del 102 -la l\u00ednea telef\u00f3nica contra el maltrato infantil- que son delegados de ATE a sus puestos de trabajo.<\/p>\n<p>Los compa\u00f1eros Humberto Cabral y Romina Espinoza&nbsp;fueron desplazados de los lugares que ocupan hace a\u00f1os tras&nbsp;denunciar el traslado del call center a un &#8220;garage&#8221;&nbsp;ubicado en bulevar Illia 238. Las &#8220;condiciones insalubres constatadas ante escribano p\u00fablico&#8221; fueron denunciadas a trav\u00e9s de manifestaciones.<\/p>\n<p>Tras la presentaci\u00f3n del recurso, el juez&nbsp;Carlos Eduardo Moroni&nbsp;entendi\u00f3 que como delegados, Cabral y Espinosa gozan de tutela sindical, por lo que el traslado impuesto por&nbsp;Jos\u00e9 Pi\u00f1ero, secretario de la Secretaria de Ni\u00f1ez, Adolescencia y Familia (Senaf), vulnera los derechos de ambos.<\/p>\n<p>&#8220;Esto demuestra claramente la maniobra&nbsp;ilegal, discriminatoria y antisindical que el Secretario realiz\u00f3 contra los delegados, al privarlos de sus funciones por manifestarse contra el traslado del call a un garage y el archivado de notificaciones del 102 sin ninguna clase de intervenci\u00f3n&#8221;, expres\u00f3 Cabral.<\/p>\n<p>Y agreg\u00f3: &#8220;siguen pendientes la reubicaci\u00f3n del call center en un espacio digno, y la instrumentaci\u00f3n de un control de legalidad de las demandas por vulneraci\u00f3n de derechosingresadas a trav\u00e9s de la L\u00ednea 102&#8221;.<\/p>\n","protected":false},"excerpt":{"rendered":"<p>Un juez de Control orden\u00f3 reinstalar a los compa\u00f1eros que fueron desplazados por el Secretario de Senaf tras denunciar el traslado del call center a un &#8220;garage&#8221;. Este martes la Justicia hizo lugar a la cautelar presentada por la abogada de ATE Mar\u00eda Marta Terragno y&nbsp;orden\u00f3 al ministerio de Justicia y Derechos Humanos de C\u00f3rdoba [&hellip;]<\/p>\n","protected":false},"author":1,"featured_media":19220,"comment_status":"open","ping_status":"open","sticky":false,"template":"","format":"standard","meta":{"_exactmetrics_skip_tracking":false,"_exactmetrics_sitenote_active":false,"_exactmetrics_sitenote_note":"","_exactmetrics_sitenote_category":0,"jnews-multi-image_gallery":[],"jnews_single_post":[],"jnews_primary_category":[],"jnews_social_meta":[],"jnews_review":[],"enable_review":"","type":"","name":"","summary":"","brand":"","sku":"","good":[],"bad":[],"score_override":"","override_value":"","rating":[],"price":[],"jnews_override_counter":[],"jnews_post_split":[],"footnotes":""},"categories":[97],"tags":[],"class_list":["post-10309","post","type-post","status-publish","format-standard","has-post-thumbnail","hentry","category-senaf"],"jetpack_featured_media_url":"https:\/\/atecordoba.org\/wp-content\/uploads\/2020\/05\/logo-nuevochico-e1561581322808.png","_links":{"self":[{"href":"https:\/\/atecordoba.org\/index.php?rest_route=\/wp\/v2\/posts\/10309","targetHints":{"allow":["GET"]}}],"collection":[{"href":"https:\/\/atecordoba.org\/index.php?rest_route=\/wp\/v2\/posts"}],"about":[{"href":"https:\/\/atecordoba.org\/index.php?rest_route=\/wp\/v2\/types\/post"}],"author":[{"embeddable":true,"href":"https:\/\/atecordoba.org\/index.php?rest_route=\/wp\/v2\/users\/1"}],"replies":[{"embeddable":true,"href":"https:\/\/atecordoba.org\/index.php?rest_route=%2Fwp%2Fv2%2Fcomments&post=10309"}],"version-history":[{"count":0,"href":"https:\/\/atecordoba.org\/index.php?rest_route=\/wp\/v2\/posts\/10309\/revisions"}],"wp:featuredmedia":[{"embeddable":true,"href":"https:\/\/atecordoba.org\/index.php?rest_route=\/wp\/v2\/media\/19220"}],"wp:attachment":[{"href":"https:\/\/atecordoba.org\/index.php?rest_route=%2Fwp%2Fv2%2Fmedia&parent=10309"}],"wp:term":[{"taxonomy":"category","embeddable":true,"href":"https:\/\/atecordoba.org\/index.php?rest_route=%2Fwp%2Fv2%2Fcategories&post=10309"},{"taxonomy":"post_tag","embeddable":true,"href":"https:\/\/atecordoba.org\/index.php?rest_route=%2Fwp%2Fv2%2Ftags&post=10309"}],"curies":[{"name":"wp","href":"https:\/\/api.w.org\/{rel}","templated":true}]}}